{"id":84404,"date":"2023-08-17T00:10:35","date_gmt":"2023-08-16T22:10:35","guid":{"rendered":"https:\/\/miurltemporal.com/main/triatletasenred.sport.es\/?p=84404"},"modified":"2023-11-14T04:28:04","modified_gmt":"2023-11-14T03:28:04","slug":"max-neumann-baja-para-el-pto-asian-open","status":"publish","type":"post","link":"https:\/\/miurltemporal.com/main/triatletasenred.sport.es\/actualidad\/max-neumann-baja-para-el-pto-asian-open\/","title":{"rendered":"Max Neumann se baja de la PTO Asian Open a dos d\u00edas de la disputa"},"content":{"rendered":"<h3 class=\"p1\">Max Neumann, ganador del PTO European Open, ha anunciado que no estar\u00e1 pasado ma\u00f1ana en la salida de Singapore<\/h3>\n<p><\/a><\/p>\n<p class=\"p3\"><span class=\"s2\">El que posiblemente era <strong>el principal favorito para llevarse la victoria del PTO Asian Open<\/strong> tras ver lo que hizo en el mes de mayo llev\u00e1ndose la <strong>victoria en el PTO European Open de Ibiza<\/strong>, acaba de anunciar a dos d\u00edas de la carrera que no estar\u00e1 en la l\u00ednea de salida.<\/span><\/p>\n<p class=\"p3\"><span class=\"s2\">Una muy mala noticia para el espect\u00e1culo puesto que tras su 4\u00ba puesto logrado el a\u00f1o pasado en Kona y su exhibici\u00f3n en Ibiza, el australiano, actual n\u00famero 5 del ranking PTO, iba a tener todos los focos puestos encima y en su presumible batalla con los noruegos en tierras asi\u00e1ticas.<\/span><\/p>\n<p class=\"p3\"><span class=\"s2\">Tal y como lo ha anunciando \u00e9l mismo a trav\u00e9s de sus redes sociales, <strong>tiene todas las miradas puestas en el principal objetivo de la temporada que no es otro que el Mundial Ironman que se disputar\u00e1 en Niza<\/strong> en el mes de septiembre. No sabemos si ha sido una decisi\u00f3n meramente estrat\u00e9gica o si hay algo m\u00e1s, pero lo que s\u00ed se confirma es su baja para Singapore\u00a0<\/span><\/p>\n<div class=\"youtube-embed\" data-video_id=\"8P5kOmIH0_4\"><iframe title=\"A fondo con el ULTRAMAN | \u00bfLocura o aventura?\" width=\"696\" height=\"392\" src=\"https:\/\/www.youtube.com\/embed\/8P5kOmIH0_4?start=6&#038;feature=oembed\" frameborder=\"0\" allow=\"accelerometer; autoplay; clipboard-write; encrypted-media; gyroscope; picture-in-picture; web-share\" allowfullscreen><\/iframe><\/div>\n","protected":false},"excerpt":{"rendered":"<p>Max Neumann, ganador del PTO European Open, ha anunciado que no estar\u00e1 pasado ma\u00f1ana en la salida de Singapore<\/p>\n","protected":false},"author":325,"featured_media":84405,"comment_status":"closed","ping_status":"closed","sticky":false,"template":"","format":"standard","meta":{"_acf_changed":false,"rank_math_lock_modified_date":false,"footnotes":""},"categories":[17],"tags":[10137,9661],"class_list":{"0":"post-84404","1":"post","2":"type-post","3":"status-publish","4":"format-standard","5":"has-post-thumbnail","7":"category-actualidad","8":"tag-max-neumann","9":"tag-pto-asian-open"},"acf":[],"_links":{"self":[{"href":"https:\/\/miurltemporal.com/main/triatletasenred.sport.es\/wp-json\/wp\/v2\/posts\/84404"}],"collection":[{"href":"https:\/\/miurltemporal.com/main/triatletasenred.sport.es\/wp-json\/wp\/v2\/posts"}],"about":[{"href":"https:\/\/miurltemporal.com/main/triatletasenred.sport.es\/wp-json\/wp\/v2\/types\/post"}],"author":[{"embeddable":true,"href":"https:\/\/miurltemporal.com/main/triatletasenred.sport.es\/wp-json\/wp\/v2\/users\/325"}],"replies":[{"embeddable":true,"href":"https:\/\/miurltemporal.com/main/triatletasenred.sport.es\/wp-json\/wp\/v2\/comments?post=84404"}],"version-history":[{"count":3,"href":"https:\/\/miurltemporal.com/main/triatletasenred.sport.es\/wp-json\/wp\/v2\/posts\/84404\/revisions"}],"predecessor-version":[{"id":86987,"href":"https:\/\/miurltemporal.com/main/triatletasenred.sport.es\/wp-json\/wp\/v2\/posts\/84404\/revisions\/86987"}],"wp:featuredmedia":[{"embeddable":true,"href":"https:\/\/miurltemporal.com/main/triatletasenred.sport.es\/wp-json\/wp\/v2\/media\/84405"}],"wp:attachment":[{"href":"https:\/\/miurltemporal.com/main/triatletasenred.sport.es\/wp-json\/wp\/v2\/media?parent=84404"}],"wp:term":[{"taxonomy":"category","embeddable":true,"href":"https:\/\/miurltemporal.com/main/triatletasenred.sport.es\/wp-json\/wp\/v2\/categories?post=84404"},{"taxonomy":"post_tag","embeddable":true,"href":"https:\/\/miurltemporal.com/main/triatletasenred.sport.es\/wp-json\/wp\/v2\/tags?post=84404"}],"curies":[{"name":"wp","href":"https:\/\/api.w.org\/{rel}","templated":true}]}}