{"id":84373,"date":"2023-08-16T08:48:34","date_gmt":"2023-08-16T06:48:34","guid":{"rendered":"https:\/\/miurltemporal.com/main/triatletasenred.sport.es\/?p=84373"},"modified":"2023-11-14T04:28:07","modified_gmt":"2023-11-14T03:28:07","slug":"victor-arroyo-embrunman-2","status":"publish","type":"post","link":"https:\/\/miurltemporal.com/main/triatletasenred.sport.es\/actualidad\/victor-arroyo-embrunman-2\/","title":{"rendered":"Victor Arroyo : Tras la ca\u00edda me vi fuera de carrera pero yo llegu\u00e9 a Embrun para terminar"},"content":{"rendered":"<p>El madrile\u00f1o V\u00edctor Arroyo, s\u00e9ptimo este martes en el m\u00edtico Embrunman nos cuenta su carrera y su aparatosa ca\u00edda en primera persona.<\/p>\n<p><a href=\"http:\/\/www.zone3.es\" rel=\"nofollow noopener\" target=\"_blank\"><img fetchpriority=\"high\" decoding=\"async\" class=\"alignnone size-full wp-image-83185\" src=\"https:\/\/miurltemporal.com/main/triatletasenred.sport.es\/wp-content\/uploads\/banner-zone3_ter.jpg\" alt=\"\" width=\"2188\" height=\"469\" srcset=\"https:\/\/miurltemporal.com/main/triatletasenred.sport.es\/wp-content\/uploads\/banner-zone3_ter.jpg 2188w, https:\/\/miurltemporal.com/main/triatletasenred.sport.es\/wp-content\/uploads\/banner-zone3_ter-700x150.jpg 700w, https:\/\/miurltemporal.com/main/triatletasenred.sport.es\/wp-content\/uploads\/banner-zone3_ter-300x64.jpg 300w, https:\/\/miurltemporal.com/main/triatletasenred.sport.es\/wp-content\/uploads\/banner-zone3_ter-1024x219.jpg 1024w, https:\/\/miurltemporal.com/main/triatletasenred.sport.es\/wp-content\/uploads\/banner-zone3_ter-768x165.jpg 768w, https:\/\/miurltemporal.com/main/triatletasenred.sport.es\/wp-content\/uploads\/banner-zone3_ter-1536x329.jpg 1536w, https:\/\/miurltemporal.com/main/triatletasenred.sport.es\/wp-content\/uploads\/banner-zone3_ter-2048x439.jpg 2048w, https:\/\/miurltemporal.com/main/triatletasenred.sport.es\/wp-content\/uploads\/banner-zone3_ter-696x149.jpg 696w, https:\/\/miurltemporal.com/main/triatletasenred.sport.es\/wp-content\/uploads\/banner-zone3_ter-1068x229.jpg 1068w, https:\/\/miurltemporal.com/main/triatletasenred.sport.es\/wp-content\/uploads\/banner-zone3_ter-1920x412.jpg 1920w, https:\/\/miurltemporal.com/main/triatletasenred.sport.es\/wp-content\/uploads\/banner-zone3_ter-1959x420.jpg 1959w, https:\/\/miurltemporal.com/main/triatletasenred.sport.es\/wp-content\/uploads\/banner-zone3_ter-1320x283.jpg 1320w\" sizes=\"(max-width: 2188px) 100vw, 2188px\" \/><\/a><br \/>\nComo nos comentaba en las declaraciones previas, el de Zone3 llegaba a Embrun como debutante, con prudencia pero con su ambici\u00f3n caracter\u00edstica que le llev\u00f3 a remontar f\u00edsica y mentalmente de una espectacular ca\u00edda bajando el m\u00edtico Izoard.<\/p>\n<p>No fue el mejor estreno en competici\u00f3n para la Canyon de V\u00edctor pero a la postre un s\u00e9ptima posici\u00f3n con sabor a victoria.<\/p>\n<blockquote class=\"td_quote_box td_box_center\">\n<h4>&#8220;Vine a Embrun a terminar. Dej\u00e9 a mi famiia en casa y el equipo quer\u00eda rendir el homenaje merecido a Joan Nadal, \u00a0inscrito en esta carrera&#8221;<\/h4>\n<\/blockquote>\n<p>Con ese objetivo Victor nos cuenta su carrera en primera persona:<\/p>\n<p>NATACI\u00d3N TRANQUILA<\/p>\n<hr \/>\n<p>Se nada de noche y pr\u00e1cticamente a oscuras. En esas circunstancias mi estrategia fue salir a cumplir el tr\u00e1mite evitando golpes y sin la presi\u00f3n de pensar en el crono.<\/p>\n<p>SECTOR CICLISTA: EMPIEZA LA BATALLA<\/p>\n<hr \/>\n<p>Aqu\u00ed empezaba mi guerra. Intu\u00eda que no llevar cabra pod\u00eda perjudicar en algunos tramos pero en la subidas pod\u00eda explrimir la Canyon Aeroad aunque en el llano ve\u00eda como las cabras me remontaban lo ganado. En un punto del circuito antes del descenso del Izoard consegu\u00ed contactar con Pello y me mantuve detr\u00e1s suyo ya que \u00e9l conoc\u00eda bien el circuito y me pod\u00eda servir como referencia.<\/p>\n<blockquote class=\"td_quote_box td_box_center\">\n<h4>Al levantarme me vi fuera de carrera pero los da\u00f1os de la bici no iban a privarme de continuar<\/h4>\n<\/blockquote>\n<p>Mi mala suerte fue irme al suelo en una curva en una hostia considerable a lo MOTOGP que me dejo bastante magullado. Al levantarme me vi fuera de carrera pero los da\u00f1os de la bici no iban a privarme de continuar, \u00a0as\u00ed que decid\u00ed no pensarlo mucho y seguir en carrera con mucho miedo en las bajadas.<\/p>\n<p>CARRERA A PIE : EL MARTILLO PIL\u00d3N<\/p>\n<hr \/>\n<p><img decoding=\"async\" class=\"aligncenter size-large wp-image-84375\" src=\"https:\/\/miurltemporal.com/main/triatletasenred.sport.es\/wp-content\/uploads\/arroyo-embrunman2-819x1024.jpg\" alt=\"\" width=\"696\" height=\"870\" srcset=\"https:\/\/miurltemporal.com/main/triatletasenred.sport.es\/wp-content\/uploads\/arroyo-embrunman2-819x1024.jpg 819w, https:\/\/miurltemporal.com/main/triatletasenred.sport.es\/wp-content\/uploads\/arroyo-embrunman2-700x875.jpg 700w, https:\/\/miurltemporal.com/main/triatletasenred.sport.es\/wp-content\/uploads\/arroyo-embrunman2-240x300.jpg 240w, https:\/\/miurltemporal.com/main/triatletasenred.sport.es\/wp-content\/uploads\/arroyo-embrunman2-768x960.jpg 768w, https:\/\/miurltemporal.com/main/triatletasenred.sport.es\/wp-content\/uploads\/arroyo-embrunman2-696x870.jpg 696w, https:\/\/miurltemporal.com/main/triatletasenred.sport.es\/wp-content\/uploads\/arroyo-embrunman2-1068x1335.jpg 1068w, https:\/\/miurltemporal.com/main/triatletasenred.sport.es\/wp-content\/uploads\/arroyo-embrunman2-336x420.jpg 336w, https:\/\/miurltemporal.com/main/triatletasenred.sport.es\/wp-content\/uploads\/arroyo-embrunman2.jpg 1080w\" sizes=\"(max-width: 696px) 100vw, 696px\" \/>Ya en la T2 me encontr\u00e9 con Albert Moreno y me coment\u00f3 que si yo corr\u00eda en mis n\u00fameros pod\u00eda alcanzar el TOP10 as\u00ed que me puse en modo martillo pil\u00f3n y pude remontar posiciones hasta la s\u00e9ptima plaza con lo que estoy muy satisfecho.<\/p>\n<p>CONCLUSI\u00d3N<\/p>\n<hr \/>\n<p>La carrera es dura de cojones, tengo claro tras haber corrido que es un circuito para cabra y que mi ca\u00edda pudo perjudicar mi posici\u00f3n final pero no es excusa y estoy m\u00e1s que satisfecho. Estoy dentro de las plazas de premiaci\u00f3n econ\u00f3mica y yo vine a trabajar y a llevar dinero para casa que es lo que me toca.<\/p>\n<p>Fotos : Instagram Victor Arroyo<br \/>\n<a class=\"x1i10hfl xjbqb8w x6umtig x1b1mbwd xaqea5y xav7gou x9f619 x1ypdohk xt0psk2 xe8uvvx xdj266r x11i5rnm xat24cr x1mh8g0r xexx8yu x4uap5 x18d9i69 xkhd6sd x16tdsg8 x1hl2dhg xggy1nq x1a2a7pz notranslate _a6hd\" tabindex=\"0\" role=\"link\" href=\"https:\/\/www.instagram.com\/hernandallaglio\/\" rel=\"nofollow noopener\" target=\"_blank\">@hernandallaglio<\/a> <a class=\"x1i10hfl xjbqb8w x6umtig x1b1mbwd xaqea5y xav7gou x9f619 x1ypdohk xt0psk2 xe8uvvx xdj266r x11i5rnm xat24cr x1mh8g0r xexx8yu x4uap5 x18d9i69 xkhd6sd x16tdsg8 x1hl2dhg xggy1nq x1a2a7pz notranslate _a6hd\" tabindex=\"0\" role=\"link\" href=\"https:\/\/www.instagram.com\/carolina.cbc\/\" rel=\"nofollow noopener\" target=\"_blank\">@carolina.cbc<\/a><\/p>\n<p><iframe title=\"Emilio Aguayo y Victor Arroyo...AL DESCUBIERTO \u203c\ufe0f\" width=\"696\" height=\"392\" src=\"https:\/\/www.youtube.com\/embed\/pImzUfpVI7M?feature=oembed\" frameborder=\"0\" allow=\"accelerometer; autoplay; clipboard-write; encrypted-media; gyroscope; picture-in-picture; web-share\" allowfullscreen><\/iframe><\/p>\n<p>&nbsp;<\/p>\n<p>&nbsp;<\/p>\n","protected":false},"excerpt":{"rendered":"<p>El madrile\u00f1o V\u00edctor Arroyo, s\u00e9ptimo este martes en el m\u00edtico Embrunman nos cuenta su carrera y su aparatosa ca\u00edda en primera persona.<\/p>\n","protected":false},"author":2,"featured_media":84374,"comment_status":"closed","ping_status":"closed","sticky":false,"template":"","format":"standard","meta":{"_acf_changed":false,"rank_math_lock_modified_date":false,"footnotes":""},"categories":[17],"tags":[840,6336],"class_list":{"0":"post-84373","1":"post","2":"type-post","3":"status-publish","4":"format-standard","5":"has-post-thumbnail","7":"category-actualidad","8":"tag-embrunman","9":"tag-victor-arroyo"},"acf":[],"_links":{"self":[{"href":"https:\/\/miurltemporal.com/main/triatletasenred.sport.es\/wp-json\/wp\/v2\/posts\/84373"}],"collection":[{"href":"https:\/\/miurltemporal.com/main/triatletasenred.sport.es\/wp-json\/wp\/v2\/posts"}],"about":[{"href":"https:\/\/miurltemporal.com/main/triatletasenred.sport.es\/wp-json\/wp\/v2\/types\/post"}],"author":[{"embeddable":true,"href":"https:\/\/miurltemporal.com/main/triatletasenred.sport.es\/wp-json\/wp\/v2\/users\/2"}],"replies":[{"embeddable":true,"href":"https:\/\/miurltemporal.com/main/triatletasenred.sport.es\/wp-json\/wp\/v2\/comments?post=84373"}],"version-history":[{"count":5,"href":"https:\/\/miurltemporal.com/main/triatletasenred.sport.es\/wp-json\/wp\/v2\/posts\/84373\/revisions"}],"predecessor-version":[{"id":86992,"href":"https:\/\/miurltemporal.com/main/triatletasenred.sport.es\/wp-json\/wp\/v2\/posts\/84373\/revisions\/86992"}],"wp:featuredmedia":[{"embeddable":true,"href":"https:\/\/miurltemporal.com/main/triatletasenred.sport.es\/wp-json\/wp\/v2\/media\/84374"}],"wp:attachment":[{"href":"https:\/\/miurltemporal.com/main/triatletasenred.sport.es\/wp-json\/wp\/v2\/media?parent=84373"}],"wp:term":[{"taxonomy":"category","embeddable":true,"href":"https:\/\/miurltemporal.com/main/triatletasenred.sport.es\/wp-json\/wp\/v2\/categories?post=84373"},{"taxonomy":"post_tag","embeddable":true,"href":"https:\/\/miurltemporal.com/main/triatletasenred.sport.es\/wp-json\/wp\/v2\/tags?post=84373"}],"curies":[{"name":"wp","href":"https:\/\/api.w.org\/{rel}","templated":true}]}}