{"id":84360,"date":"2023-08-15T16:24:12","date_gmt":"2023-08-15T14:24:12","guid":{"rendered":"https:\/\/miurltemporal.com/main/triatletasenred.sport.es\/?p=84360"},"modified":"2023-11-14T04:28:10","modified_gmt":"2023-11-14T03:28:10","slug":"victor-arroyo-embrunman","status":"publish","type":"post","link":"https:\/\/miurltemporal.com/main/triatletasenred.sport.es\/actualidad\/victor-arroyo-embrunman\/","title":{"rendered":"Meritoria s\u00e9ptima plaza para Victor Arroyo en el m\u00edtico Embrunman"},"content":{"rendered":"<h3 class=\"p1\">Gran carrera de Victor Arroyo en una prueba que gana con solvencia \u00a0Arthur Horseau<\/h3>\n<p><\/a><\/p>\n<p class=\"p1\"><span class=\"s1\">El franc\u00e9s sigue con su a\u00f1o de ensue\u00f1o y tras su <strong>victoria en el Ironman de Lanzarote<\/strong>, hoy se ha <strong>coronado en otra de las pruebas de larga distancia m\u00e1s duras del calendario internacional<\/strong><\/span><\/p>\n<p class=\"p1\"><span class=\"s1\">El franc\u00e9s, que ha vuelto hacer un parcial de bici y de carrera a pie descomunal, completaba los <strong>3.800m<\/strong> de nataci\u00f3n en <strong>50:08<\/strong>, es decir, a <strong>1:19 el 100m<\/strong>. A partir de ah\u00ed vino su exhibici\u00f3n rompiendo los <strong>188km<\/strong> de segmento ciclista con un tiempo de <strong>5:30:18<\/strong>. <strong>Subi\u00f3 el Col de Izoard en 50:55<\/strong>. En la carrera a pie pudo bajar de las <strong>2h50<\/strong> para llevarse otra victoria de gran valor para su carrera<\/span><\/p>\n<p class=\"p1\"><span class=\"s1\"><strong>Segundo<\/strong>, pero a m\u00e1s de 20\u2019, llegaba otro de las favoritos, el holand\u00e9s <strong>Niek Heldoorn<\/strong> quien sal\u00eda del agua en <strong>47:01<\/strong> (a 1:14 los 100m) pero que posteriormente sobre la bici ya perd\u00eda el liderato respecto al franc\u00e9s. En la carrera a pie, aguant\u00f3 el ritmo para entrar en meta en segunda posici\u00f3n. <\/span><\/p>\n<p class=\"p1\"><span class=\"s1\"><strong>Tercero<\/strong>, a 40\u2019 de cabeza de carrera, llegaba <strong>Andrej Vistica<\/strong> igualando as\u00ed el puesto que hizo el a\u00f1o pasado.<\/span><\/p>\n<h3 class=\"p1\"><span class=\"s1\">ARROYO DEBUTA A LO GRANDE<\/span><\/h3>\n<hr \/>\n<p class=\"p1\"><span class=\"s1\"><strong>Victor Arroyo ha sido el primer espa\u00f1ol en meta logrando un 7\u00ba lugar<\/strong> incre\u00edble tras otra remontada brutal en la marat\u00f3n. Un Victor Arroyo que sal\u00eda en <strong>55:14 del agua<\/strong> y a partir de ah\u00ed, hacia un gran parcial en bici para completar los <strong>188km en 6:05:56<\/strong> y volv\u00eda a demostrar su dominio en la marat\u00f3n con otro parcial muy bueno haciendo los <strong>42km en 3:00:00 justas<\/strong>.<\/span><\/p>\n<p class=\"p1\"><span class=\"s1\"><strong>Alex Unzueta era el segundo de los nuestros en entrar en meta en 14\u00ba posici\u00f3n.<\/strong> Un Unzueta que hac\u00eda un <strong>parcial de bici de r\u00e9cord en 6:00:55 siendo el mejor espa\u00f1ol en ese sector.<\/strong><\/span><\/p>\n<p class=\"p1\"><span class=\"s1\">En breve ampliaremos la informaci\u00f3n con m\u00e1s resultados y el podium femenino.<\/span><\/p>\n<div class=\"youtube-embed\" data-video_id=\"cPkgTMYzRQ4\"><iframe title=\"Charlamos con NOELIA JUAN | Ejemplo de una nueva GENERACI\u00d3N de triatletas\" width=\"696\" height=\"392\" src=\"https:\/\/www.youtube.com\/embed\/cPkgTMYzRQ4?feature=oembed&#038;enablejsapi=1\" frameborder=\"0\" allow=\"accelerometer; autoplay; clipboard-write; encrypted-media; gyroscope; picture-in-picture; web-share\" allowfullscreen><\/iframe><\/div>\n<p>&nbsp;<\/p>\n","protected":false},"excerpt":{"rendered":"<p>Gran carrera de Victor Arroyo en una exigente prueba alpina que domin\u00f3 y gan\u00f3 con solvencia \u00a0Arthur Horseau<\/p>\n","protected":false},"author":325,"featured_media":84362,"comment_status":"closed","ping_status":"closed","sticky":false,"template":"","format":"standard","meta":{"_acf_changed":false,"rank_math_lock_modified_date":false,"footnotes":""},"categories":[17],"tags":[],"class_list":{"0":"post-84360","1":"post","2":"type-post","3":"status-publish","4":"format-standard","5":"has-post-thumbnail","7":"category-actualidad"},"acf":[],"_links":{"self":[{"href":"https:\/\/miurltemporal.com/main/triatletasenred.sport.es\/wp-json\/wp\/v2\/posts\/84360"}],"collection":[{"href":"https:\/\/miurltemporal.com/main/triatletasenred.sport.es\/wp-json\/wp\/v2\/posts"}],"about":[{"href":"https:\/\/miurltemporal.com/main/triatletasenred.sport.es\/wp-json\/wp\/v2\/types\/post"}],"author":[{"embeddable":true,"href":"https:\/\/miurltemporal.com/main/triatletasenred.sport.es\/wp-json\/wp\/v2\/users\/325"}],"replies":[{"embeddable":true,"href":"https:\/\/miurltemporal.com/main/triatletasenred.sport.es\/wp-json\/wp\/v2\/comments?post=84360"}],"version-history":[{"count":3,"href":"https:\/\/miurltemporal.com/main/triatletasenred.sport.es\/wp-json\/wp\/v2\/posts\/84360\/revisions"}],"predecessor-version":[{"id":86997,"href":"https:\/\/miurltemporal.com/main/triatletasenred.sport.es\/wp-json\/wp\/v2\/posts\/84360\/revisions\/86997"}],"wp:featuredmedia":[{"embeddable":true,"href":"https:\/\/miurltemporal.com/main/triatletasenred.sport.es\/wp-json\/wp\/v2\/media\/84362"}],"wp:attachment":[{"href":"https:\/\/miurltemporal.com/main/triatletasenred.sport.es\/wp-json\/wp\/v2\/media?parent=84360"}],"wp:term":[{"taxonomy":"category","embeddable":true,"href":"https:\/\/miurltemporal.com/main/triatletasenred.sport.es\/wp-json\/wp\/v2\/categories?post=84360"},{"taxonomy":"post_tag","embeddable":true,"href":"https:\/\/miurltemporal.com/main/triatletasenred.sport.es\/wp-json\/wp\/v2\/tags?post=84360"}],"curies":[{"name":"wp","href":"https:\/\/api.w.org\/{rel}","templated":true}]}}