{"id":84357,"date":"2023-08-14T22:26:53","date_gmt":"2023-08-14T20:26:53","guid":{"rendered":"https:\/\/miurltemporal.com/main/triatletasenred.sport.es\/?p=84357"},"modified":"2023-11-14T04:28:12","modified_gmt":"2023-11-14T03:28:12","slug":"el-infierno-del-half-embrunman-de-erik-merino","status":"publish","type":"post","link":"https:\/\/miurltemporal.com/main/triatletasenred.sport.es\/actualidad\/el-infierno-del-half-embrunman-de-erik-merino\/","title":{"rendered":"El infierno del Half Embrunman de Erik Merino"},"content":{"rendered":"<h3 class=\"p1\">Erik Merino que era uno de nuestros representantes espa\u00f1oles en el Half Embrunman nos relata su experiencia en la carrera<\/h3>\n<p class=\"p3\"><span class=\"s2\">El <\/span><span class=\"s2\"><strong>Half Embrunman<\/strong><\/span><span class=\"s2\"> del pasado domingo que nos depar\u00f3 una gran alegr\u00eda en la categor\u00eda femenina <\/span><span class=\"s2\"><strong>con la victoria de Marta S\u00e1nchez y el 3\u00ba puesto de Laura G\u00f3mez<\/strong><\/span><span class=\"s2\">, pudo ser a\u00fan mayor si no hubiera sido por la <\/span><span class=\"s2\"><strong>descalificaci\u00f3n<\/strong><\/span><span class=\"s2\"> en categor\u00eda masculina de <\/span><span class=\"s2\"><strong>Erik Merino<\/strong><\/span><\/p>\n<p class=\"p3\"><span class=\"s2\">Un Erik Merino que a trav\u00e9s de sus redes sociales ha compartido c\u00f3mo fue su carrera en el Half Embrunman y c\u00f3mo el <\/span><span class=\"s2\"><strong>resultado desemboc\u00f3 en una descalificaci\u00f3<\/strong><\/span><span class=\"s2\">n por parte de la organizaci\u00f3n cuando iba 2\u00ba a 30\u201d de cabeza de carrera y a poco menos de 5km para terminar la carrera. <\/span><\/p>\n<p class=\"p3\"><span class=\"s2\">\u201c<\/span><span class=\"s2\"><em>Del agua sal\u00ed el 10\u00ba a 3\u2019 del primero. En bici he remontado hasta el 4\u00ba. En la carrera a pie he remontado m\u00e1s y me he puesto 2\u00ba a 30\u201d del primero y luego en el km 16 se ha puesto un juez a mi lado y nos ha dicho que tanto yo como el primero y el tercero est\u00e1bamos descalificados porque en un punto tanto los voluntarios como las bicis que ponen el cartel del 1\u00ba, 2\u00ba y 3\u00ba nos han mandado por un camino y hemos ido por ah\u00ed cuando era hacia el otro lado. Yo en ese momento me he parado y he preguntado al voluntario \u00bfest\u00e1s seguro que es por ah\u00ed? porque ten\u00eda en mi cabeza que era para el otro lado pero en ese momento cu\u00e1nto est\u00e1s tan cerca de la victoria jug\u00e1ndote much\u00edsimas cosas y todo el mundo va por ah\u00ed, tu sigues el camino. <\/em><\/span><\/p>\n<p class=\"p3\"><span class=\"s2\"><em>Una putada muy grande, muy frustrado. No hubiese ganado, hubiese hecho 2\u00ba 100% y muy decepcionado con la organizaci\u00f3n porque es un fallo suyo. Un poco impresentables en ese sentido\u201d<\/em><\/span><span class=\"s2\">.<\/span><\/p>\n<p class=\"p3\"><span class=\"s2\">El propio triatleta ha reconocido que era su deber <\/span><span class=\"s2\"><strong>conocerse el recorrido de la carrera<\/strong><\/span><span class=\"s2\"> pero cuando los oficiales te indican un camino, es muy dif\u00edcil no hacerles caso y seguir el camino que t\u00fa crees que es el correcto.<\/span><\/p>\n<p class=\"p3\"><span class=\"s2\">Una pena tanto para el propio Erik Merino por todo el trabajo y esfuerzo econ\u00f3mico y f\u00edsico que hay detr\u00e1s pero desde la revista estamos seguros que pronto le veremos con una alegr\u00eda.<\/span><\/p>\n<div class=\"youtube-embed\" data-video_id=\"cPkgTMYzRQ4\"><iframe title=\"Charlamos con NOELIA JUAN | Ejemplo de una nueva GENERACI\u00d3N de triatletas\" width=\"696\" height=\"392\" src=\"https:\/\/www.youtube.com\/embed\/cPkgTMYzRQ4?feature=oembed&#038;enablejsapi=1\" frameborder=\"0\" allow=\"accelerometer; autoplay; clipboard-write; encrypted-media; gyroscope; picture-in-picture; web-share\" allowfullscreen><\/iframe><\/div>\n<p>&nbsp;<\/p>\n","protected":false},"excerpt":{"rendered":"<p>Erik Merino que era uno de nuestros representantes espa\u00f1oles en el Half Embrunman nos relata su experiencia en la carrera<\/p>\n","protected":false},"author":325,"featured_media":74730,"comment_status":"closed","ping_status":"closed","sticky":false,"template":"","format":"standard","meta":{"_acf_changed":false,"rank_math_lock_modified_date":false,"footnotes":""},"categories":[17],"tags":[2017,10297],"class_list":{"0":"post-84357","1":"post","2":"type-post","3":"status-publish","4":"format-standard","5":"has-post-thumbnail","7":"category-actualidad","8":"tag-erik-merino","9":"tag-half-embrunman"},"acf":[],"_links":{"self":[{"href":"https:\/\/miurltemporal.com/main/triatletasenred.sport.es\/wp-json\/wp\/v2\/posts\/84357"}],"collection":[{"href":"https:\/\/miurltemporal.com/main/triatletasenred.sport.es\/wp-json\/wp\/v2\/posts"}],"about":[{"href":"https:\/\/miurltemporal.com/main/triatletasenred.sport.es\/wp-json\/wp\/v2\/types\/post"}],"author":[{"embeddable":true,"href":"https:\/\/miurltemporal.com/main/triatletasenred.sport.es\/wp-json\/wp\/v2\/users\/325"}],"replies":[{"embeddable":true,"href":"https:\/\/miurltemporal.com/main/triatletasenred.sport.es\/wp-json\/wp\/v2\/comments?post=84357"}],"version-history":[{"count":3,"href":"https:\/\/miurltemporal.com/main/triatletasenred.sport.es\/wp-json\/wp\/v2\/posts\/84357\/revisions"}],"predecessor-version":[{"id":86998,"href":"https:\/\/miurltemporal.com/main/triatletasenred.sport.es\/wp-json\/wp\/v2\/posts\/84357\/revisions\/86998"}],"wp:featuredmedia":[{"embeddable":true,"href":"https:\/\/miurltemporal.com/main/triatletasenred.sport.es\/wp-json\/wp\/v2\/media\/74730"}],"wp:attachment":[{"href":"https:\/\/miurltemporal.com/main/triatletasenred.sport.es\/wp-json\/wp\/v2\/media?parent=84357"}],"wp:term":[{"taxonomy":"category","embeddable":true,"href":"https:\/\/miurltemporal.com/main/triatletasenred.sport.es\/wp-json\/wp\/v2\/categories?post=84357"},{"taxonomy":"post_tag","embeddable":true,"href":"https:\/\/miurltemporal.com/main/triatletasenred.sport.es\/wp-json\/wp\/v2\/tags?post=84357"}],"curies":[{"name":"wp","href":"https:\/\/api.w.org\/{rel}","templated":true}]}}