{"id":84348,"date":"2023-08-14T16:39:57","date_gmt":"2023-08-14T14:39:57","guid":{"rendered":"https:\/\/miurltemporal.com/main/triatletasenred.sport.es\/?p=84348"},"modified":"2023-11-14T04:28:13","modified_gmt":"2023-11-14T03:28:13","slug":"sara-perez-pto-asian-open-2","status":"publish","type":"post","link":"https:\/\/miurltemporal.com/main/triatletasenred.sport.es\/actualidad\/sara-perez-pto-asian-open-2\/","title":{"rendered":"Sara P\u00e9rez Sala ya en Singapur. Pr\u00f3xima parada: PTO Asian Open"},"content":{"rendered":"<p>Tras su retirada en el europeo IM 70.3 de Tall\u00edn, Sara P\u00e9rez Sala llega a Singapur con la lecci\u00f3n aprendida, la afici\u00f3n de su lado y sin presi\u00f3n alguna.<\/p>\n<p><\/a><\/p>\n<p>La triatleta catalana afincada en Madrid es una de las mejores triatletas del panorama internacional, no solo por sus cualidades sino por la manera de encajar los malos momentos. En su \u00faltimo video en el que analiza fr\u00eda y sinceramente su retirada en Tall\u00edn, la triatleta de  llega sin presi\u00f3n a Singapur para participar y sumar una nueva experiencia en el PTO Asian Open y enfocar el resto de temporada.<\/p>\n<p><strong>Sara P\u00e9rez Sala<\/strong> no llegaba en su mejor momento a Tall\u00edn como ella misma comentaba en su reflexi\u00f3n y es consciente que en el corto margen de dos semanas, y con el nivel de la escena internacional se planta en Singapur sin presi\u00f3n.<\/p>\n<blockquote class=\"td_quote_box td_box_center\">\n<h4>&#8220;No estaba en forma y encima tuvimos el mal d\u00eda junto con el hecho de que la gente est\u00e1 muy fuerte y que hab\u00eda bastante nivel en la prueba hacen que est\u00e9s fuera de juego&#8221;<\/h4>\n<\/blockquote>\n<p>Con ese an\u00e1lisis, y con la humildad y sinceridad por delante, Sara comenta que se ve obligada a bajar sus expectativas de obtener un buen resultado en PTO US OPEN pero a la vez sabe en que punto se encuentra de cara a enfocar el resto de la temporada.<\/p>\n<p>Sara tambi\u00e9n ha sabido valorar los muchos y bonitos mensajes de apoyo de la comunidad que ha demostrado, una vez m\u00e1s, estar a la altura de nuestra deportista que, sin duda, tiene margen y calidad contrastada para seguir dando guerra y, sobretodo, disfrutando de sus competiciones.<\/p>\n<p>Te dejamos el video completo del canal de Sara P\u00e9rez Sala para escucharla en primera persona y, por qu\u00e9 no, aprender de como encajar los momentos complicados.<\/p>\n<p><iframe title=\"CAMPEONATO IM 70.3 TALLIN 2023\" width=\"696\" height=\"392\" src=\"https:\/\/www.youtube.com\/embed\/DEx54JnndVg?feature=oembed\" frameborder=\"0\" allow=\"accelerometer; autoplay; clipboard-write; encrypted-media; gyroscope; picture-in-picture; web-share\" allowfullscreen><\/iframe><\/p>\n<p>&nbsp;<\/p>\n","protected":false},"excerpt":{"rendered":"<p>Tras su retirada en el europeo IM 70.3 de Tall\u00edn, Sara P\u00e9rez Sala llega a Singapur con la lecci\u00f3n aprendida y con una afici\u00f3n que la apoya<\/p>\n","protected":false},"author":2,"featured_media":80777,"comment_status":"closed","ping_status":"closed","sticky":false,"template":"","format":"standard","meta":{"_acf_changed":false,"rank_math_lock_modified_date":false,"footnotes":""},"categories":[17],"tags":[],"class_list":{"0":"post-84348","1":"post","2":"type-post","3":"status-publish","4":"format-standard","5":"has-post-thumbnail","7":"category-actualidad"},"acf":[],"_links":{"self":[{"href":"https:\/\/miurltemporal.com/main/triatletasenred.sport.es\/wp-json\/wp\/v2\/posts\/84348"}],"collection":[{"href":"https:\/\/miurltemporal.com/main/triatletasenred.sport.es\/wp-json\/wp\/v2\/posts"}],"about":[{"href":"https:\/\/miurltemporal.com/main/triatletasenred.sport.es\/wp-json\/wp\/v2\/types\/post"}],"author":[{"embeddable":true,"href":"https:\/\/miurltemporal.com/main/triatletasenred.sport.es\/wp-json\/wp\/v2\/users\/2"}],"replies":[{"embeddable":true,"href":"https:\/\/miurltemporal.com/main/triatletasenred.sport.es\/wp-json\/wp\/v2\/comments?post=84348"}],"version-history":[{"count":5,"href":"https:\/\/miurltemporal.com/main/triatletasenred.sport.es\/wp-json\/wp\/v2\/posts\/84348\/revisions"}],"predecessor-version":[{"id":86999,"href":"https:\/\/miurltemporal.com/main/triatletasenred.sport.es\/wp-json\/wp\/v2\/posts\/84348\/revisions\/86999"}],"wp:featuredmedia":[{"embeddable":true,"href":"https:\/\/miurltemporal.com/main/triatletasenred.sport.es\/wp-json\/wp\/v2\/media\/80777"}],"wp:attachment":[{"href":"https:\/\/miurltemporal.com/main/triatletasenred.sport.es\/wp-json\/wp\/v2\/media?parent=84348"}],"wp:term":[{"taxonomy":"category","embeddable":true,"href":"https:\/\/miurltemporal.com/main/triatletasenred.sport.es\/wp-json\/wp\/v2\/categories?post=84348"},{"taxonomy":"post_tag","embeddable":true,"href":"https:\/\/miurltemporal.com/main/triatletasenred.sport.es\/wp-json\/wp\/v2\/tags?post=84348"}],"curies":[{"name":"wp","href":"https:\/\/api.w.org\/{rel}","templated":true}]}}