{"id":84154,"date":"2023-07-30T19:37:10","date_gmt":"2023-07-30T17:37:10","guid":{"rendered":"https:\/\/miurltemporal.com/main/triatletasenred.sport.es\/?p=84154"},"modified":"2023-11-14T04:28:56","modified_gmt":"2023-11-14T03:28:56","slug":"primeras-ausencias-importantes-pto-us-open","status":"publish","type":"post","link":"https:\/\/miurltemporal.com/main/triatletasenred.sport.es\/actualidad\/primeras-ausencias-importantes-pto-us-open\/","title":{"rendered":"Primeras ausencias importantes PTO US Open"},"content":{"rendered":"<h3 class=\"p1\">A 7 d\u00edas de la carrera, empiezan a caer los primeros triatletas de cara a la segunda de las pruebas PTO, PTO US Open<\/h3>\n<p class=\"p3\"><span class=\"s2\">A falta de 6 y 7 d\u00edas para las pruebas de la PTO US Open en Milwaukee (4 de agosto se disputar\u00e1 la carrera masculina y el 5 de agosto la femenina), <\/span><span class=\"s2\"><strong>empiezan a llegar las primeras bajas importantes de cara a la carrera<\/strong><\/span><\/p>\n<p class=\"p3\"><span class=\"s2\">Tal y como pas\u00f3 los d\u00edas previos a la disputa del PTO European Open en Ibiza donde se cayeron varios triatletas como <\/span><span class=\"s2\"><strong>Sam Laidlow, Patrick Lange o Lisa Norden<\/strong><\/span><span class=\"s2\">, lo mismo est\u00e1 sucediendo ahora con la carrera que podremos disfrutar el pr\u00f3ximo viernes y s\u00e1bado en las calles de Milwaukee <\/span><\/p>\n<h3 class=\"p3\"><span class=\"s2\">BAJAS PTO US OPEN<\/span><\/h3>\n<hr>\n<p class=\"p3\"><span class=\"s2\">El primero de ellos es <\/span><span class=\"s2\"><strong>Marten Van Riel<\/strong><\/span><span class=\"s2\"> que por culpa de su <\/span><span class=\"s2\"><strong>lesi\u00f3n de hombro<\/strong><\/span><span class=\"s2\"> no podr\u00e1 ser de la partida el pr\u00f3ximo 4 de agosto. <\/span><\/p>\n<p class=\"p3\"><span class=\"s2\">Junto a \u00e9l, otra de las bajas m\u00e1s importantes y de las que no se saben exactamente las causas es la de <\/span><span class=\"s2\"><strong>Alistair Brownlee<\/strong><\/span><span class=\"s2\">. <\/span><span class=\"s2\"><strong>Se desconoce los problemas del brit\u00e1nico que se intuye que pueda estar lesionado<\/strong><\/span><span class=\"s2\"> tras perderse tambi\u00e9n los \u00faltimos Ironman a los que estaba inscrito (Hamburgo, Suiza y Lake Placid) y que le han dejado fuera del Mundial Ironman en Niza del pr\u00f3ximo mes de septiembre <\/span><\/p>\n<p class=\"p3\"><span class=\"s2\">En categor\u00eda femenina, tampoco veremos a la alemana <\/span><span class=\"s2\"><strong>Laura Philipp <\/strong><\/span><span class=\"s2\">que a pesar de estar en la lista de inscritos, desde el principio dijo que el PTO US Open <\/span><span class=\"s2\"><strong>no entraba dentro de sus objetivos<\/strong><\/span><span class=\"s2\"> porque se iba a centrar en el Mundial Ironman 70.3 en Lathy del 26 de agosto y en el Mundial Ironman en Kona del pr\u00f3ximo mes de octubre.<\/span><\/p>\n<p class=\"p3\"><span class=\"s2\">Junto a ella, <\/span><span class=\"s2\"><strong>Ruth Astle<\/strong><\/span><span class=\"s2\"> tambi\u00e9n ser\u00e1 baja por culpa de una <\/span><span class=\"s2\"><strong>lesi\u00f3n en el gemelo<\/strong><\/span><span class=\"s2\">.<\/span><\/p>\n<p class=\"p3\"><span class=\"s2\">Adem\u00e1s, aunque <\/span><span class=\"s2\"><strong>no se saben las causas<\/strong><\/span><span class=\"s2\">, tampoco estar\u00e1n en la l\u00ednea de salida del PTO US Open ni <\/span><span class=\"s2\"><strong>Chelsea Sodaro<\/strong><\/span><span class=\"s2\">, quien ya abandon\u00f3 durante la carrera en el PTO European Open ni <\/span><span class=\"s2\"><strong>Rach Mcbride<\/strong><\/span><span class=\"s2\">.<\/span><\/p>\n<p class=\"p3\"><span class=\"s2\">A\u00fan estamos a una semana de la carrera y ya estamos viendo c\u00f3mo las bajas empiezan a ser el tema de conversaci\u00f3n principal antes de la carrera. \u00bfVeremos m\u00e1s bajas a lo largo de la semana? Esperemos que no y que podamos disfrutar de otra de las grandes carreras de la temporada como ya fue la vivida en Ibiza en el PTO European Open<\/span><\/p>\n<div class=\"youtube-embed\" data-video_id=\"8P5kOmIH0_4\"><iframe title=\"A fondo con el ULTRAMAN | \u00bfLocura o aventura?\" width=\"696\" height=\"392\" src=\"https:\/\/www.youtube.com\/embed\/8P5kOmIH0_4?start=3&#038;feature=oembed\" frameborder=\"0\" allow=\"accelerometer; autoplay; clipboard-write; encrypted-media; gyroscope; picture-in-picture; web-share\" allowfullscreen><\/iframe><\/div>\n<p>&nbsp;<\/p>\n","protected":false},"excerpt":{"rendered":"<p>A 7 d\u00edas de la carrera, empiezan a caer los primeros triatletas de cara a la segunda de las pruebas PTO, PTO US Open<\/p>\n","protected":false},"author":325,"featured_media":70349,"comment_status":"closed","ping_status":"closed","sticky":false,"template":"","format":"standard","meta":{"_acf_changed":false,"rank_math_lock_modified_date":false,"footnotes":""},"categories":[17],"tags":[9400],"class_list":{"0":"post-84154","1":"post","2":"type-post","3":"status-publish","4":"format-standard","5":"has-post-thumbnail","7":"category-actualidad","8":"tag-pto-us-open"},"acf":[],"_links":{"self":[{"href":"https:\/\/miurltemporal.com/main/triatletasenred.sport.es\/wp-json\/wp\/v2\/posts\/84154"}],"collection":[{"href":"https:\/\/miurltemporal.com/main/triatletasenred.sport.es\/wp-json\/wp\/v2\/posts"}],"about":[{"href":"https:\/\/miurltemporal.com/main/triatletasenred.sport.es\/wp-json\/wp\/v2\/types\/post"}],"author":[{"embeddable":true,"href":"https:\/\/miurltemporal.com/main/triatletasenred.sport.es\/wp-json\/wp\/v2\/users\/325"}],"replies":[{"embeddable":true,"href":"https:\/\/miurltemporal.com/main/triatletasenred.sport.es\/wp-json\/wp\/v2\/comments?post=84154"}],"version-history":[{"count":3,"href":"https:\/\/miurltemporal.com/main/triatletasenred.sport.es\/wp-json\/wp\/v2\/posts\/84154\/revisions"}],"predecessor-version":[{"id":87039,"href":"https:\/\/miurltemporal.com/main/triatletasenred.sport.es\/wp-json\/wp\/v2\/posts\/84154\/revisions\/87039"}],"wp:featuredmedia":[{"embeddable":true,"href":"https:\/\/miurltemporal.com/main/triatletasenred.sport.es\/wp-json\/wp\/v2\/media\/70349"}],"wp:attachment":[{"href":"https:\/\/miurltemporal.com/main/triatletasenred.sport.es\/wp-json\/wp\/v2\/media?parent=84154"}],"wp:term":[{"taxonomy":"category","embeddable":true,"href":"https:\/\/miurltemporal.com/main/triatletasenred.sport.es\/wp-json\/wp\/v2\/categories?post=84154"},{"taxonomy":"post_tag","embeddable":true,"href":"https:\/\/miurltemporal.com/main/triatletasenred.sport.es\/wp-json\/wp\/v2\/tags?post=84154"}],"curies":[{"name":"wp","href":"https:\/\/api.w.org\/{rel}","templated":true}]}}