{"id":84152,"date":"2023-07-30T18:34:21","date_gmt":"2023-07-30T16:34:21","guid":{"rendered":"https:\/\/miurltemporal.com/main/triatletasenred.sport.es\/?p=84152"},"modified":"2023-07-30T18:34:23","modified_gmt":"2023-07-30T16:34:23","slug":"quinta-plaza-para-espana-en-el-relevo-mixto-en-sunderland","status":"publish","type":"post","link":"https:\/\/miurltemporal.com/main/triatletasenred.sport.es\/actualidad\/quinta-plaza-para-espana-en-el-relevo-mixto-en-sunderland\/","title":{"rendered":"Quinta plaza para Espa\u00f1a en el Relevo Mixto en Sunderland"},"content":{"rendered":"\n<p>Francia&nbsp;consigue triplete en la WTS de&nbsp;Sunderland.<\/p>\n\n\n\n<p> Al doblete cosechado en las pruebas individuales del pasado s\u00e1bado tanto en categor\u00eda masculina como en femenina, Francia se lleva el relevo mixto. <\/p>\n\n\n\n<p>Una prueba en la que los franceses Tom Richard, Emma Lombardi, Pierre Le Corre y Cassandre Beaugranddemuestran el gran estado de forma en el que se encuentran y \u201cmandan un aviso\u201d de cara a la pr\u00f3xima final en Pontevedra. El podio lo completan Gran Breta\u00f1a y Noruega.<\/p>\n\n\n\n<p>Destacar  la participaci\u00f3n de nuestra TriArmada cruzando la l\u00ednea de meta en 5\u00ba posici\u00f3n gracias a la fant\u00e1stica actuaci\u00f3n de Sergio Baxter, Miriam Casillas, Antonio Serrat y Noelia Juan.<\/p>\n","protected":false},"excerpt":{"rendered":"<p>Francia&nbsp;consigue triplete en la WTS de&nbsp;Sunderland. Al doblete cosechado en las pruebas individuales del pasado s\u00e1bado tanto en categor\u00eda masculina como en femenina, Francia se lleva el relevo mixto. Una prueba en la que los franceses Tom Richard, Emma Lombardi, Pierre Le Corre y Cassandre Beaugranddemuestran el gran estado de forma en el que se [&hellip;]<\/p>\n","protected":false},"author":2,"featured_media":84151,"comment_status":"closed","ping_status":"closed","sticky":false,"template":"","format":"standard","meta":{"_acf_changed":false,"rank_math_lock_modified_date":false,"footnotes":""},"categories":[17],"tags":[],"class_list":{"0":"post-84152","1":"post","2":"type-post","3":"status-publish","4":"format-standard","5":"has-post-thumbnail","7":"category-actualidad"},"acf":[],"_links":{"self":[{"href":"https:\/\/miurltemporal.com/main/triatletasenred.sport.es\/wp-json\/wp\/v2\/posts\/84152"}],"collection":[{"href":"https:\/\/miurltemporal.com/main/triatletasenred.sport.es\/wp-json\/wp\/v2\/posts"}],"about":[{"href":"https:\/\/miurltemporal.com/main/triatletasenred.sport.es\/wp-json\/wp\/v2\/types\/post"}],"author":[{"embeddable":true,"href":"https:\/\/miurltemporal.com/main/triatletasenred.sport.es\/wp-json\/wp\/v2\/users\/2"}],"replies":[{"embeddable":true,"href":"https:\/\/miurltemporal.com/main/triatletasenred.sport.es\/wp-json\/wp\/v2\/comments?post=84152"}],"version-history":[{"count":1,"href":"https:\/\/miurltemporal.com/main/triatletasenred.sport.es\/wp-json\/wp\/v2\/posts\/84152\/revisions"}],"predecessor-version":[{"id":84153,"href":"https:\/\/miurltemporal.com/main/triatletasenred.sport.es\/wp-json\/wp\/v2\/posts\/84152\/revisions\/84153"}],"wp:featuredmedia":[{"embeddable":true,"href":"https:\/\/miurltemporal.com/main/triatletasenred.sport.es\/wp-json\/wp\/v2\/media\/84151"}],"wp:attachment":[{"href":"https:\/\/miurltemporal.com/main/triatletasenred.sport.es\/wp-json\/wp\/v2\/media?parent=84152"}],"wp:term":[{"taxonomy":"category","embeddable":true,"href":"https:\/\/miurltemporal.com/main/triatletasenred.sport.es\/wp-json\/wp\/v2\/categories?post=84152"},{"taxonomy":"post_tag","embeddable":true,"href":"https:\/\/miurltemporal.com/main/triatletasenred.sport.es\/wp-json\/wp\/v2\/tags?post=84152"}],"curies":[{"name":"wp","href":"https:\/\/api.w.org\/{rel}","templated":true}]}}