{"id":84147,"date":"2023-07-29T18:51:23","date_gmt":"2023-07-29T16:51:23","guid":{"rendered":"https:\/\/miurltemporal.com/main/triatletasenred.sport.es\/?p=84147"},"modified":"2023-07-29T19:00:31","modified_gmt":"2023-07-29T17:00:31","slug":"cassandre-beaugrand-confirma-el-doblete-frances-en-sunderland","status":"publish","type":"post","link":"https:\/\/miurltemporal.com/main/triatletasenred.sport.es\/actualidad\/cassandre-beaugrand-confirma-el-doblete-frances-en-sunderland\/","title":{"rendered":"Cassandre Beaugrand confirma el doblete franc\u00e9s en Sunderland"},"content":{"rendered":"<p style=\"font-weight: 400;\">Brutal final de carrera femenino el vivido hoy en las Series Mundiales de \u00a0de Sunderland que no ha dejado indiferente a nadie.<\/p>\n<p><a href=\"https:\/\/www.finisher.es\" rel=\"nofollow noopener\" target=\"_blank\"><img fetchpriority=\"high\" decoding=\"async\" class=\"alignnone size-full wp-image-77427\" src=\"https:\/\/miurltemporal.com/main/triatletasenred.sport.es\/wp-content\/uploads\/Finisher-750x150-1.jpg\" alt=\"\" width=\"750\" height=\"150\" srcset=\"https:\/\/miurltemporal.com/main/triatletasenred.sport.es\/wp-content\/uploads\/Finisher-750x150-1.jpg 750w, https:\/\/miurltemporal.com/main/triatletasenred.sport.es\/wp-content\/uploads\/Finisher-750x150-1-700x140.jpg 700w, https:\/\/miurltemporal.com/main/triatletasenred.sport.es\/wp-content\/uploads\/Finisher-750x150-1-300x60.jpg 300w, https:\/\/miurltemporal.com/main/triatletasenred.sport.es\/wp-content\/uploads\/Finisher-750x150-1-696x139.jpg 696w\" sizes=\"(max-width: 750px) 100vw, 750px\" \/><\/a><\/p>\n<p style=\"font-weight: 400;\">El pa\u00eds vecino confirma su gran momento en el triatl\u00f3n internacional con un doblete en Sunderland.<a href=\"https:\/\/miurltemporal.com/main/triatletasenred.sport.es\/actualidad\/le-corre-se-impone-en-las-series-mundiales-sunderland\/\"> A la ya comentada victoria de Pierre Lecorre<\/a> con Leo Bergere como segundo, se replica el dos de tres en el podio en categor\u00eda femenina.<\/p>\n<p style=\"font-weight: 400;\">La prueba no se ha decido hasta los \u00faltimos kil\u00f3metros de la carrera a pies, cuando la francesa y favorita <strong>Cassandre Beaugrand<\/strong> ha metido un cambio de ritmo estrepitoso para abrir brecha con su compa\u00f1era <strong>Emma Lombardi<\/strong>\u00a0 y de esta manera sentenciar la prueba. En tercera posici\u00f3n y a tan solo unos segundos, la alemana <strong>Annika Koch<\/strong>, quien ha capitaneado gran parte del segmento ciclista.<\/p>\n<p style=\"font-weight: 400;\">Resaltar la vuelta de a la competici\u00f3n de la gran <strong>Gwen Jorgensen<\/strong> quien, tras realizar una nataci\u00f3n y segmento ciclista decente, en la carrera a pie ha sido la segunda triatleta m\u00e1s r\u00e1pida, tras la ganadora C. Beaugrand, para finalizar en una modesta 24 posici\u00f3n.<\/p>\n<p style=\"font-weight: 400;\">Por parte de las espa\u00f1olas, hay que destacar el gran segmento ciclista que han realizado tanto <strong>Miriam Casillas<\/strong> como <strong>Noelia Juan<\/strong>, que han permanecido en el grupo perseguidor fusion\u00e1ndose con la cabeza de carrera en los \u00faltimos kil\u00f3metros de este segmento.<\/p>\n<p style=\"font-weight: 400;\">As\u00ed pues, la primera de nuestra tri<em>armada <\/em>en cruzar la meta ha sido <strong>Miriam Casillas<\/strong> en 16\u00ba posici\u00f3n (+1\u201922\u201d), seguida de <strong>Noelia Juan <\/strong>en 29\u00ba, <strong>Anna Godoy<\/strong> quien ha realizado una fant\u00e1stica carrera a pie para finalizar en 33\u00ba posici\u00f3n y por \u00faltimo <strong>Mar\u00eda Casals<\/strong> quien ha entrado en meta en 41 posici\u00f3n en su debut en la competici\u00f3n.<\/p>\n","protected":false},"excerpt":{"rendered":"<p>Brutal final de carrera femenino el vivido hoy en las Series Mundiales de \u00a0de Sunderland que no ha dejado indiferente a nadie. El pa\u00eds vecino confirma su gran momento en el triatl\u00f3n internacional con un doblete en Sunderland. A la ya comentada victoria de Pierre Lecorre con Leo Bergere como segundo, se replica el dos [&hellip;]<\/p>\n","protected":false},"author":327,"featured_media":84148,"comment_status":"closed","ping_status":"closed","sticky":false,"template":"","format":"standard","meta":{"_acf_changed":false,"rank_math_lock_modified_date":false,"footnotes":""},"categories":[17],"tags":[],"class_list":{"0":"post-84147","1":"post","2":"type-post","3":"status-publish","4":"format-standard","5":"has-post-thumbnail","7":"category-actualidad"},"acf":[],"_links":{"self":[{"href":"https:\/\/miurltemporal.com/main/triatletasenred.sport.es\/wp-json\/wp\/v2\/posts\/84147"}],"collection":[{"href":"https:\/\/miurltemporal.com/main/triatletasenred.sport.es\/wp-json\/wp\/v2\/posts"}],"about":[{"href":"https:\/\/miurltemporal.com/main/triatletasenred.sport.es\/wp-json\/wp\/v2\/types\/post"}],"author":[{"embeddable":true,"href":"https:\/\/miurltemporal.com/main/triatletasenred.sport.es\/wp-json\/wp\/v2\/users\/327"}],"replies":[{"embeddable":true,"href":"https:\/\/miurltemporal.com/main/triatletasenred.sport.es\/wp-json\/wp\/v2\/comments?post=84147"}],"version-history":[{"count":1,"href":"https:\/\/miurltemporal.com/main/triatletasenred.sport.es\/wp-json\/wp\/v2\/posts\/84147\/revisions"}],"predecessor-version":[{"id":84149,"href":"https:\/\/miurltemporal.com/main/triatletasenred.sport.es\/wp-json\/wp\/v2\/posts\/84147\/revisions\/84149"}],"wp:featuredmedia":[{"embeddable":true,"href":"https:\/\/miurltemporal.com/main/triatletasenred.sport.es\/wp-json\/wp\/v2\/media\/84148"}],"wp:attachment":[{"href":"https:\/\/miurltemporal.com/main/triatletasenred.sport.es\/wp-json\/wp\/v2\/media?parent=84147"}],"wp:term":[{"taxonomy":"category","embeddable":true,"href":"https:\/\/miurltemporal.com/main/triatletasenred.sport.es\/wp-json\/wp\/v2\/categories?post=84147"},{"taxonomy":"post_tag","embeddable":true,"href":"https:\/\/miurltemporal.com/main/triatletasenred.sport.es\/wp-json\/wp\/v2\/tags?post=84147"}],"curies":[{"name":"wp","href":"https:\/\/api.w.org\/{rel}","templated":true}]}}