{"id":84134,"date":"2023-07-28T14:33:45","date_gmt":"2023-07-28T12:33:45","guid":{"rendered":"https:\/\/miurltemporal.com/main/triatletasenred.sport.es\/?p=84134"},"modified":"2023-11-14T04:28:57","modified_gmt":"2023-11-14T03:28:57","slug":"detenidos-tras-robar-bicis-por-valor-de-30-000e","status":"publish","type":"post","link":"https:\/\/miurltemporal.com/main/triatletasenred.sport.es\/actualidad\/detenidos-tras-robar-bicis-por-valor-de-30-000e\/","title":{"rendered":"Detenida en Madrid una banda que robaba bicicletas y material deportivo"},"content":{"rendered":"\r\n<p>La Guardia Civil ha detenido a 5 individuos acusados de robar en una tienda en la localidad de Cartagena (M\u00farcia)<\/p>\r\n<p><a href=\"https:\/\/www.dtswiss.com\/es\" rel=\"nofollow noopener\" target=\"_blank\"><img fetchpriority=\"high\" decoding=\"async\" class=\"alignnone size-full wp-image-82918\" src=\"https:\/\/miurltemporal.com/main/triatletasenred.sport.es\/wp-content\/uploads\/banner-dt-swiss-post.jpg\" alt=\"\" width=\"700\" height=\"150\" srcset=\"https:\/\/miurltemporal.com/main/triatletasenred.sport.es\/wp-content\/uploads\/banner-dt-swiss-post.jpg 700w, https:\/\/miurltemporal.com/main/triatletasenred.sport.es\/wp-content\/uploads\/banner-dt-swiss-post-300x64.jpg 300w, https:\/\/miurltemporal.com/main/triatletasenred.sport.es\/wp-content\/uploads\/banner-dt-swiss-post-696x150.jpg 696w\" sizes=\"(max-width: 700px) 100vw, 700px\" \/><\/a><\/p>\r\n\r\n\r\n\r\n<p>Como resultado de las invesigaciones llevadas a cabo por la Guatdia Civil a raiz de un robo en una tienda de bicis en Cartagena (M\u00farcia) a principios del mes de julio, se ha localizado con \u00e9xito una nave en Coslada (Madrid) que serv\u00eda de almac\u00e9n a los presuntos ladrones.<\/p>\r\n<p>Dichos individuos intentaron impedir sin \u00e9xito el acceso a la polic\u00eda al recinto cerr\u00e1ndoles las puertas y bloqueando los accesos.<\/p>\r\n\r\n\r\n\r\n<p>En dicha nave han encontrado 22 bicis valoradas en m\u00e1s de 30000\u20ac as\u00ed como material deportivo de diversa \u00edndole. Tras comprobar que los n\u00fameros de serie correspond\u00edan una por una a las bicicletas sustra\u00eddas en Cartagena, la Guardia Civil ha procedido a la detenci\u00f3n de los presuntos ladrones.<\/p>\r\n\r\n\r\n\r\n\r\n\r\n<p>El material robado ya ha sido devuelto a sus propietarios y los ladrones puestos a disposici\u00f3n judicial.<\/p>\r\n\r\n\r\n\r\n<p><iframe title=\"A fondo con el ULTRAMAN | \u00bfLocura o aventura?\" width=\"696\" height=\"392\" src=\"https:\/\/www.youtube.com\/embed\/8P5kOmIH0_4?feature=oembed\" frameborder=\"0\" allow=\"accelerometer; autoplay; clipboard-write; encrypted-media; gyroscope; picture-in-picture; web-share\" allowfullscreen><\/iframe><\/p>\r\n\r\n\r\n\r\n<p>&nbsp;<\/p>\r\n","protected":false},"excerpt":{"rendered":"<p>La Guardia Civil ha detenido a 5 individuos acusados de robar en una tienda en la localidad de Cartagena (M\u00farcia)<\/p>\n","protected":false},"author":2,"featured_media":40661,"comment_status":"closed","ping_status":"closed","sticky":false,"template":"","format":"standard","meta":{"_acf_changed":false,"rank_math_lock_modified_date":false,"footnotes":""},"categories":[17],"tags":[10288],"class_list":{"0":"post-84134","1":"post","2":"type-post","3":"status-publish","4":"format-standard","5":"has-post-thumbnail","7":"category-actualidad","8":"tag-robo-de-bicis-en-murcia"},"acf":[],"_links":{"self":[{"href":"https:\/\/miurltemporal.com/main/triatletasenred.sport.es\/wp-json\/wp\/v2\/posts\/84134"}],"collection":[{"href":"https:\/\/miurltemporal.com/main/triatletasenred.sport.es\/wp-json\/wp\/v2\/posts"}],"about":[{"href":"https:\/\/miurltemporal.com/main/triatletasenred.sport.es\/wp-json\/wp\/v2\/types\/post"}],"author":[{"embeddable":true,"href":"https:\/\/miurltemporal.com/main/triatletasenred.sport.es\/wp-json\/wp\/v2\/users\/2"}],"replies":[{"embeddable":true,"href":"https:\/\/miurltemporal.com/main/triatletasenred.sport.es\/wp-json\/wp\/v2\/comments?post=84134"}],"version-history":[{"count":4,"href":"https:\/\/miurltemporal.com/main/triatletasenred.sport.es\/wp-json\/wp\/v2\/posts\/84134\/revisions"}],"predecessor-version":[{"id":87040,"href":"https:\/\/miurltemporal.com/main/triatletasenred.sport.es\/wp-json\/wp\/v2\/posts\/84134\/revisions\/87040"}],"wp:featuredmedia":[{"embeddable":true,"href":"https:\/\/miurltemporal.com/main/triatletasenred.sport.es\/wp-json\/wp\/v2\/media\/40661"}],"wp:attachment":[{"href":"https:\/\/miurltemporal.com/main/triatletasenred.sport.es\/wp-json\/wp\/v2\/media?parent=84134"}],"wp:term":[{"taxonomy":"category","embeddable":true,"href":"https:\/\/miurltemporal.com/main/triatletasenred.sport.es\/wp-json\/wp\/v2\/categories?post=84134"},{"taxonomy":"post_tag","embeddable":true,"href":"https:\/\/miurltemporal.com/main/triatletasenred.sport.es\/wp-json\/wp\/v2\/tags?post=84134"}],"curies":[{"name":"wp","href":"https:\/\/api.w.org\/{rel}","templated":true}]}}