{"id":84131,"date":"2023-07-28T09:29:24","date_gmt":"2023-07-28T07:29:24","guid":{"rendered":"https:\/\/miurltemporal.com/main/triatletasenred.sport.es\/?p=84131"},"modified":"2023-11-14T04:28:59","modified_gmt":"2023-11-14T03:28:59","slug":"ultimashorasprecioreducidootsovihalfgasteiz","status":"publish","type":"post","link":"https:\/\/miurltemporal.com/main/triatletasenred.sport.es\/actualidad\/ultimashorasprecioreducidootsovihalfgasteiz\/","title":{"rendered":"\u00daltimas horas de precio reducido de OTSO vi half Gasteiz"},"content":{"rendered":"<h3><strong>La tercera edici\u00f3n del OTSO vi half Gasteiz, que se celebrar\u00e1 el 1 de junio de 2024 tiene precio reducido hasta este lunes 31 de julio.<\/strong><\/h3>\n<p><a href=\"http:\/\/www.zone3.es\" rel=\"nofollow noopener\" target=\"_blank\"><img fetchpriority=\"high\" decoding=\"async\" class=\"alignleft size-full wp-image-83185\" src=\"https:\/\/miurltemporal.com/main/triatletasenred.sport.es\/wp-content\/uploads\/banner-zone3_ter.jpg\" alt=\"\" width=\"2188\" height=\"469\" srcset=\"https:\/\/miurltemporal.com/main/triatletasenred.sport.es\/wp-content\/uploads\/banner-zone3_ter.jpg 2188w, https:\/\/miurltemporal.com/main/triatletasenred.sport.es\/wp-content\/uploads\/banner-zone3_ter-700x150.jpg 700w, https:\/\/miurltemporal.com/main/triatletasenred.sport.es\/wp-content\/uploads\/banner-zone3_ter-300x64.jpg 300w, https:\/\/miurltemporal.com/main/triatletasenred.sport.es\/wp-content\/uploads\/banner-zone3_ter-1024x219.jpg 1024w, https:\/\/miurltemporal.com/main/triatletasenred.sport.es\/wp-content\/uploads\/banner-zone3_ter-768x165.jpg 768w, https:\/\/miurltemporal.com/main/triatletasenred.sport.es\/wp-content\/uploads\/banner-zone3_ter-1536x329.jpg 1536w, https:\/\/miurltemporal.com/main/triatletasenred.sport.es\/wp-content\/uploads\/banner-zone3_ter-2048x439.jpg 2048w, https:\/\/miurltemporal.com/main/triatletasenred.sport.es\/wp-content\/uploads\/banner-zone3_ter-696x149.jpg 696w, https:\/\/miurltemporal.com/main/triatletasenred.sport.es\/wp-content\/uploads\/banner-zone3_ter-1068x229.jpg 1068w, https:\/\/miurltemporal.com/main/triatletasenred.sport.es\/wp-content\/uploads\/banner-zone3_ter-1920x412.jpg 1920w, https:\/\/miurltemporal.com/main/triatletasenred.sport.es\/wp-content\/uploads\/banner-zone3_ter-1959x420.jpg 1959w, https:\/\/miurltemporal.com/main/triatletasenred.sport.es\/wp-content\/uploads\/banner-zone3_ter-1320x283.jpg 1320w\" sizes=\"(max-width: 2188px) 100vw, 2188px\" \/><\/a><\/p>\n<p>&nbsp;<\/p>\n<p>&nbsp;<\/p>\n<p>&nbsp;<\/p>\n<p>Tras el exitoso regreso del triatl\u00f3n de media distancia a Vitoria-Gasteiz en 2021 y la gran acogida de la reci\u00e9n celebrada edici\u00f3n de 2022, la organizaci\u00f3n ha acelerado la publicaci\u00f3n oficial de la fecha para la tercera edici\u00f3n.<\/p>\n<p>El pr\u00f3ximo 1 de junio de 2024, los apasionados de esta disciplina se reunir\u00e1n nuevamente en Vitoria-Gasteiz para disfrutar de todas las bondades que ofrece el OTSO vi Half Gasteiz. Este 19 de julio ha sido el d\u00eda elegido para dicha apertura, e inscribirse a ella en sus primeros d\u00edas brindar\u00e1 una oportunidad especial al contar con un precio reducido que se mantendr\u00e1 hasta este lunes 31 de julio a las 23:59 horas.<\/p>\n<p>Como muestra del \u00e9xito cosechado por el OTSO vi half Gasteiz, y aunque a\u00fan no se ha confirmado oficialmente, el evento aspira a formar parte del ranking nacional de Triatl\u00f3n de Media Distancia y a ingresar en el calendario internacional de la PTO por segundo a\u00f1o consecutivo.<\/p>\n<p>La prueba reunir\u00e1 a los y las triatletas en Garaio, donde completar\u00e1n los 1900 metros de nataci\u00f3n antes de recorrer sobre sus bicicletas los 90 kil\u00f3metros de ciclismo por pintorescos paisajes de la llanada alavesa por carreteras ideales para rodar hasta llegar a la ciudad de Vitoria Gasteiz donde les espera toda una ciudad para recorrer la media marat\u00f3n final por el centro hist\u00f3rico de la ciudad, la conocida Almendra Medieval.<\/p>\n<p>Adem\u00e1s, una de las caracter\u00edsticas a aplaudir de los responsables de la organizaci\u00f3n, Alain Fontecha y Eneko Alonso, es que han escuchado a los y las triatletas tomando en cuenta sus sugerencias y prometen trabajar muy duro para ofrecer una experiencia inolvidable el pr\u00f3ximo a\u00f1o.<\/p>\n<p>As\u00ed que ya sabes, tanto si quieres repetir la experiencia de las anteriores ediciones con mejoras o buscas una prueba de media distancia de nivel, s\u00famate a ella ahora que cuenta con precio reducido y prep\u00e1rate para vivir una experiencia \u00fanica en el III OTSO vi Half Gasteiz el 1 de junio de 2024 en Vitoria-Gasteiz.<\/p>\n<p><span class=\"td_btn td_btn_lg td_outlined_btn\"><a href=\"https:\/\/vihalfgasteiz.com\" rel=\"nofollow noopener\" target=\"_blank\">WEB E INSCRIPCIONES<\/a><\/span><\/p>\n<div class=\"youtube-embed\" data-video_id=\"WHqWzJphPF4\"><iframe title=\"HOMENAJE al trabajo de los CLUBES de TRIATL\u00d3N\" width=\"696\" height=\"392\" src=\"https:\/\/www.youtube.com\/embed\/WHqWzJphPF4?feature=oembed&#038;enablejsapi=1\" frameborder=\"0\" allow=\"accelerometer; autoplay; clipboard-write; encrypted-media; gyroscope; picture-in-picture; web-share\" allowfullscreen><\/iframe><\/div>\n","protected":false},"excerpt":{"rendered":"<p>La tercera edici\u00f3n del OTSO vi half Gasteiz, que se celebrar\u00e1 el 1 de junio de 2024 tiene precio reducido hasta este lunes 31 de julio.<\/p>\n","protected":false},"author":322,"featured_media":84132,"comment_status":"closed","ping_status":"closed","sticky":false,"template":"","format":"standard","meta":{"_acf_changed":false,"rank_math_lock_modified_date":false,"footnotes":""},"categories":[17,19,1191],"tags":[],"class_list":{"0":"post-84131","1":"post","2":"type-post","3":"status-publish","4":"format-standard","5":"has-post-thumbnail","7":"category-actualidad","8":"category-competiciones","9":"category-triatlon"},"acf":[],"_links":{"self":[{"href":"https:\/\/miurltemporal.com/main/triatletasenred.sport.es\/wp-json\/wp\/v2\/posts\/84131"}],"collection":[{"href":"https:\/\/miurltemporal.com/main/triatletasenred.sport.es\/wp-json\/wp\/v2\/posts"}],"about":[{"href":"https:\/\/miurltemporal.com/main/triatletasenred.sport.es\/wp-json\/wp\/v2\/types\/post"}],"author":[{"embeddable":true,"href":"https:\/\/miurltemporal.com/main/triatletasenred.sport.es\/wp-json\/wp\/v2\/users\/322"}],"replies":[{"embeddable":true,"href":"https:\/\/miurltemporal.com/main/triatletasenred.sport.es\/wp-json\/wp\/v2\/comments?post=84131"}],"version-history":[{"count":2,"href":"https:\/\/miurltemporal.com/main/triatletasenred.sport.es\/wp-json\/wp\/v2\/posts\/84131\/revisions"}],"predecessor-version":[{"id":87041,"href":"https:\/\/miurltemporal.com/main/triatletasenred.sport.es\/wp-json\/wp\/v2\/posts\/84131\/revisions\/87041"}],"wp:featuredmedia":[{"embeddable":true,"href":"https:\/\/miurltemporal.com/main/triatletasenred.sport.es\/wp-json\/wp\/v2\/media\/84132"}],"wp:attachment":[{"href":"https:\/\/miurltemporal.com/main/triatletasenred.sport.es\/wp-json\/wp\/v2\/media?parent=84131"}],"wp:term":[{"taxonomy":"category","embeddable":true,"href":"https:\/\/miurltemporal.com/main/triatletasenred.sport.es\/wp-json\/wp\/v2\/categories?post=84131"},{"taxonomy":"post_tag","embeddable":true,"href":"https:\/\/miurltemporal.com/main/triatletasenred.sport.es\/wp-json\/wp\/v2\/tags?post=84131"}],"curies":[{"name":"wp","href":"https:\/\/api.w.org\/{rel}","templated":true}]}}