{"id":84123,"date":"2023-07-27T09:08:37","date_gmt":"2023-07-27T07:08:37","guid":{"rendered":"https:\/\/miurltemporal.com/main/triatletasenred.sport.es\/?p=84123"},"modified":"2023-11-14T04:29:03","modified_gmt":"2023-11-14T03:29:03","slug":"series-mundiales-sunderland","status":"publish","type":"post","link":"https:\/\/miurltemporal.com/main/triatletasenred.sport.es\/actualidad\/series-mundiales-sunderland\/","title":{"rendered":"Previa y donde ver a nuestra Triarmada en las Series Mundiales Sunderland lo"},"content":{"rendered":"<p>El circuito m\u00e1s prestigioso y disputado del triatl\u00f3n internacional llega a su pen\u00faltima parada con 57 atletas en liza y &nbsp;una nutrida representaci\u00f3n espa\u00f1ola.<\/p>\n<p><a href=\"https:\/\/www.dtswiss.com\/es\" rel=\"nofollow noopener\" target=\"_blank\"><img fetchpriority=\"high\" decoding=\"async\" src=\"https:\/\/miurltemporal.com/main/triatletasenred.sport.es\/wp-content\/uploads\/banner-dt-swiss-post.jpg\" class=\"alignnone size-full wp-image-82918\" alt=\"\" width=\"700\" height=\"150\" srcset=\"https:\/\/miurltemporal.com/main/triatletasenred.sport.es\/wp-content\/uploads\/banner-dt-swiss-post.jpg 700w, https:\/\/miurltemporal.com/main/triatletasenred.sport.es\/wp-content\/uploads\/banner-dt-swiss-post-300x64.jpg 300w, https:\/\/miurltemporal.com/main/triatletasenred.sport.es\/wp-content\/uploads\/banner-dt-swiss-post-696x150.jpg 696w\" sizes=\"(max-width: 700px) 100vw, 700px\" \/><\/a><\/p>\n<p>Nueva oportunidad para los aspirantes al Campeonato del Mundo de triatl\u00f3n de la ITU, posiblemente el m\u00e1s disputado y exigente de todas las competiciones de corta distancia y supone, adem\u00e1s, una parada obligada para todos aquellos que disputan la plaza ol\u00edmpica para Par\u00eds.<\/p>\n<p><strong>CATEGOR\u00cdA MASCULINA<\/strong><\/p>\n<hr>\n<p>La baja del local y subcampe\u00f3n ol\u00edmpico <strong>Alex Yee<\/strong> es la m\u00e1s sonada en una semana marcada por la decisi\u00f3n noruega de apartar al Campe\u00f3n del Mundo Ironman 70.3, <strong>Gustav Iden<\/strong> de la lucha ol\u00edmpica <a href=\"https:\/\/miurltemporal.com/main/triatletasenred.sport.es\/actualidad\/la-federacion-noruega-castiga-a-gustav-iden\/\">como os explicamos aye<\/a>r pero a pesar de ello son muchos los aspirantes al podio en las series mundiales Sunderland.<\/p>\n<p>En la pomada tenemos una lucha intensa entre el neozeland\u00e9s <strong>Hayden Wilde<\/strong>, vencedor en la \u00faltima prueba disputada en Hamburgo, &nbsp;y el portugu\u00e9s <strong>Vasco Vilaca<\/strong> por ver qui\u00e9n ocupar\u00e1 el primer lugar en la clasificaci\u00f3n el domingo por la noche mientras que el vigente campe\u00f3n<strong>, Leo Bergere,<\/strong> regresa a una competici\u00f3n que no disputaba desde el pasado mes de mayo en tierras italianas y que contar\u00e1 con su compatriota y tal vez gregario Pierre Lecorre. Otro de los viejos roqueros es nuestra apreciado <strong>Richard Murray<\/strong> que al igual que <strong>Mario Mola<\/strong> buscan regresar a su mejor versi\u00f3n en Sunderland. Calidad no les falta a ninguno de los dos.<\/p>\n<p>Y es que el mallorqu\u00edn llega con hambre y con una buena base de preparaci\u00f3n como nos comentaba el triatleta y responsable del grupo de tecnificaci\u00f3n de la FETRI, <strong>Jordi Garc\u00eda<\/strong>:<\/p>\n<blockquote class=\"td_quote_box td_box_center\">\n<h4>Mario se ha preparado a conciencia como hace siempre y est\u00e1 entrenando como nunca.<\/h4>\n<\/blockquote>\n<p>As\u00ed que, como siempre, Super Mario en nuestro equipo, al igual que estar\u00e1 un <strong>Antonio Serrat<\/strong> que opt\u00f3 por descansar y no participar en Banyoles con su club, a la postre campe\u00f3n de Espa\u00f1a <a href=\"https:\/\/youtu.be\/WHqWzJphPF4\" rel=\"nofollow noopener\" target=\"_blank\">(VER VIDEO)<\/a> por lo que llega &#8220;fresco&#8221; a esta cita con las series mundiales para competir por lo m\u00e1ximo. Tambi\u00e9n tendremos en liza a dos de nuestras estrellas emergentes con ganas de hacerlo bien y, \u00bfpor qu\u00e9 no? dar la campanada con un podio. Hablo de <strong>Sergio Baxter y Alberto Gonz\u00e1lez<\/strong>.<\/p>\n<figure id=\"attachment_80008\" aria-describedby=\"caption-attachment-80008\" style=\"width: 1350px\" class=\"wp-caption alignnone\"><img decoding=\"async\" src=\"https:\/\/miurltemporal.com/main/triatletasenred.sport.es\/wp-content\/uploads\/Diseno-sin-titulo-2022-10-10T100943.994.png\" class=\"size-full wp-image-80008\" alt=\"\" width=\"1350\" height=\"760\" srcset=\"https:\/\/miurltemporal.com/main/triatletasenred.sport.es\/wp-content\/uploads\/Diseno-sin-titulo-2022-10-10T100943.994.png 1350w, https:\/\/miurltemporal.com/main/triatletasenred.sport.es\/wp-content\/uploads\/Diseno-sin-titulo-2022-10-10T100943.994-700x394.png 700w, https:\/\/miurltemporal.com/main/triatletasenred.sport.es\/wp-content\/uploads\/Diseno-sin-titulo-2022-10-10T100943.994-300x169.png 300w, https:\/\/miurltemporal.com/main/triatletasenred.sport.es\/wp-content\/uploads\/Diseno-sin-titulo-2022-10-10T100943.994-1024x576.png 1024w, https:\/\/miurltemporal.com/main/triatletasenred.sport.es\/wp-content\/uploads\/Diseno-sin-titulo-2022-10-10T100943.994-768x432.png 768w, https:\/\/miurltemporal.com/main/triatletasenred.sport.es\/wp-content\/uploads\/Diseno-sin-titulo-2022-10-10T100943.994-696x392.png 696w, https:\/\/miurltemporal.com/main/triatletasenred.sport.es\/wp-content\/uploads\/Diseno-sin-titulo-2022-10-10T100943.994-1068x601.png 1068w, https:\/\/miurltemporal.com/main/triatletasenred.sport.es\/wp-content\/uploads\/Diseno-sin-titulo-2022-10-10T100943.994-746x420.png 746w\" sizes=\"(max-width: 1350px) 100vw, 1350px\" \/><figcaption id=\"caption-attachment-80008\" class=\"wp-caption-text\">Mar\u00eda Casals en Ceuta. Foto: FETRI.<\/figcaption><\/figure>\n<p>CATEGOR\u00cdA FEMENINA<\/p>\n<hr>\n<p>La proyecci\u00f3n y los desempe\u00f1os de <strong>Maria Casals,<\/strong> con el campeonato de Espa\u00f1a distancia ol\u00edmpica y su aportaci\u00f3n en la liga de clubes el pasado fin de semana en Banyoles no han pasado desapercibidos para I\u00f1aki Arenal que concede a la joven catalana esta primera oportunidad en Series Mundiales. Tambi\u00e9n <strong>Noelia Juan<\/strong> sigue aprovechando una nueva oportunidad para forjarse en la m\u00e1xima competici\u00f3n en Sunderland y tendr\u00e1n la compa\u00f1\u00eda, y seguro que los buenos consejos, de una experta en el terreno internacional como es <strong>Miriam Casillas<\/strong>, actualmente, nuestra mejor baza y que seguro intentar\u00e1 mejorar sus ya grandes actuaciones en la m\u00e1xima competici\u00f3n. Otra joven veterana, <strong>Anna Godoy<\/strong>, cierra la convocatoria de la #Triarmada para estas Series Mundiales Sunderland<\/p>\n<p>Las nuestras se medir\u00e1n con las talentosas francesas con <strong>Cassandre Beaugran<\/strong> a la cabeza, la h\u00fangara <strong>Zsanett Bragmayer<\/strong>, &nbsp;<strong>Bianca Seregni<\/strong> desde Italia o la brasile\u00f1a <strong>Vittoria Lopes<\/strong> son otras de las triatletas a tener en cuenta. Ser\u00e1 interesante tambi\u00e9n ver qu\u00e9 tal compite la gran <strong>Gwen Jorgensen&nbsp;<\/strong><\/p>\n<p>HORARIOS DONDE VER LAS SERIES MUNDIALES SUNDERLAND<\/p>\n<hr>\n<p>Una vez m\u00e1s podremos disfrutar del espect\u00e1culo en las plataformas de streaming. De un lado la plataforma de pago <a href=\"https:\/\/www.triathlonlive.tv\" rel=\"nofollow noopener\" target=\"_blank\">TRIATHLON.LIVE,<\/a> con comentarios en ingl\u00e9s y est\u00e1 previsto que tambi\u00e9n teledeporte, a trav\u00e9s de su plataforma<a href=\"https:\/\/www.rtve.es\/play\/\" rel=\"nofollow noopener\" target=\"_blank\"> RTVE PLAY<\/a>, con los comentarios en castellano nos lo ofrezcan en directo.<\/p>\n<p>Tambi\u00e9n la <a href=\"https:\/\/www.bbc.co.uk\/iplayer\/guide\" rel=\"nofollow noopener\" target=\"_blank\">BBC brit\u00e1nica<\/a> ofrecer\u00e1 este evento.<\/p>\n<p><strong>La prueba masculina<\/strong> arranca el<strong> s\u00e1bado<\/strong> a las 14:00 hora local lo que supone que ser\u00e1n las 15:00 hora espa\u00f1ola mientras que la salida de <strong>la prueba femenina<\/strong> est\u00e1 prevista a las 16:35 hora espa\u00f1ola seg\u00fan la organizaci\u00f3n.<\/p>\n<p><strong>Los relevos mixtos<\/strong> se disputar\u00e1n el <strong>domingo<\/strong> a las 13:15 hora local, 14:15 hora espa\u00f1ola<\/p>\n<p><iframe title=\"HOMENAJE al trabajo de los CLUBES de TRIATL\u00d3N\" width=\"696\" height=\"392\" src=\"https:\/\/www.youtube.com\/embed\/WHqWzJphPF4?feature=oembed\" frameborder=\"0\" allow=\"accelerometer; autoplay; clipboard-write; encrypted-media; gyroscope; picture-in-picture; web-share\" allowfullscreen><\/iframe><\/p>\n<p>&nbsp;<\/p>\n","protected":false},"excerpt":{"rendered":"<p>El circuito m\u00e1s prestigioso y disputado del triatl\u00f3n internacional llega a su pen\u00faltima parada con\u00a0una nutrida representaci\u00f3n espa\u00f1ola.\u00a0<\/p>\n","protected":false},"author":2,"featured_media":83316,"comment_status":"closed","ping_status":"closed","sticky":false,"template":"","format":"standard","meta":{"_acf_changed":false,"rank_math_lock_modified_date":false,"footnotes":""},"categories":[17],"tags":[10287,10286],"class_list":{"0":"post-84123","1":"post","2":"type-post","3":"status-publish","4":"format-standard","5":"has-post-thumbnail","7":"category-actualidad","8":"tag-donde-ver-series-mundiales-sunderland","9":"tag-series-mundiales-sunderland"},"acf":[],"_links":{"self":[{"href":"https:\/\/miurltemporal.com/main/triatletasenred.sport.es\/wp-json\/wp\/v2\/posts\/84123"}],"collection":[{"href":"https:\/\/miurltemporal.com/main/triatletasenred.sport.es\/wp-json\/wp\/v2\/posts"}],"about":[{"href":"https:\/\/miurltemporal.com/main/triatletasenred.sport.es\/wp-json\/wp\/v2\/types\/post"}],"author":[{"embeddable":true,"href":"https:\/\/miurltemporal.com/main/triatletasenred.sport.es\/wp-json\/wp\/v2\/users\/2"}],"replies":[{"embeddable":true,"href":"https:\/\/miurltemporal.com/main/triatletasenred.sport.es\/wp-json\/wp\/v2\/comments?post=84123"}],"version-history":[{"count":3,"href":"https:\/\/miurltemporal.com/main/triatletasenred.sport.es\/wp-json\/wp\/v2\/posts\/84123\/revisions"}],"predecessor-version":[{"id":87044,"href":"https:\/\/miurltemporal.com/main/triatletasenred.sport.es\/wp-json\/wp\/v2\/posts\/84123\/revisions\/87044"}],"wp:featuredmedia":[{"embeddable":true,"href":"https:\/\/miurltemporal.com/main/triatletasenred.sport.es\/wp-json\/wp\/v2\/media\/83316"}],"wp:attachment":[{"href":"https:\/\/miurltemporal.com/main/triatletasenred.sport.es\/wp-json\/wp\/v2\/media?parent=84123"}],"wp:term":[{"taxonomy":"category","embeddable":true,"href":"https:\/\/miurltemporal.com/main/triatletasenred.sport.es\/wp-json\/wp\/v2\/categories?post=84123"},{"taxonomy":"post_tag","embeddable":true,"href":"https:\/\/miurltemporal.com/main/triatletasenred.sport.es\/wp-json\/wp\/v2\/tags?post=84123"}],"curies":[{"name":"wp","href":"https:\/\/api.w.org\/{rel}","templated":true}]}}