{"id":84013,"date":"2023-07-19T07:32:33","date_gmt":"2023-07-19T05:32:33","guid":{"rendered":"https:\/\/miurltemporal.com/main/triatletasenred.sport.es\/?p=84013"},"modified":"2023-07-19T08:27:18","modified_gmt":"2023-07-19T06:27:18","slug":"alistair-brownlee-no-estara-en-el-campeonato-del-mundo-ironman","status":"publish","type":"post","link":"https:\/\/miurltemporal.com/main/triatletasenred.sport.es\/actualidad\/alistair-brownlee-no-estara-en-el-campeonato-del-mundo-ironman\/","title":{"rendered":"Alistair Brownlee fuera del mundial Ironman en Niza"},"content":{"rendered":"<h3 class=\"p1\" style=\"text-align: left;\">El brit\u00e1nico finalmente no optar\u00e1 a conseguir su plaza para el Campeonato del Mundo Ironman Niza en septiembre<\/h3>\n<p><\/a><\/p>\n<p class=\"p3\"><span class=\"s2\">Ironman acaba de confirmar la <strong>start list del Ironman Lake Placid<\/strong> que se disputar\u00e1 el pr\u00f3ximo domingo 23 de julio y <strong>no aparece el nombre de Alistair Brownlee<\/strong>. Hay que recordar que la prueba de <strong>Lake Placid es la \u00faltima prueba del calendario que otorga 2 slots masculinos para el Campeonato del Mundo Ironman de Niza<\/strong> del pr\u00f3ximo mes de septiembre.<\/span><\/p>\n<p class=\"p3\"><span class=\"s2\">Aunque en un principio s\u00ed que aparec\u00eda en la start list, como tambi\u00e9n lo hac\u00eda en la del IM Hamburgo y IM Suiza donde finalmente no tomaba partida, tras el anuncio de Ironman sobre los triatletas que estar\u00e1n en Lake Placid <strong>vemos que el mayor de los hermanos Brownlee no est\u00e1 en la lista<\/strong>.<\/span><\/p>\n<p class=\"p3\"><span class=\"s2\">De esta forma se resuelve la inc\u00f3gnita y aunque no sabemos las razones, <strong>finalmente no podremos disfrutar del bueno de Alistair Brownlee en Niza<\/strong> en un Campeonato especial al disputarse fuera de la isla de Hawaii y donde a buen seguro iba ser uno de los grandes favoritos.<\/span><\/p>\n<p>Una carrera, la de Lake Placid, que si contar\u00e1 con grandes nombres como <strong>Code Beals, Joe Skipper, Matt Hanson o Ben Hoffman<\/strong> entre otros.<\/p>\n<div class=\"youtube-embed\" data-video_id=\"U1rieIAA13s\"><iframe title=\"HOKA MACH X | An\u00e1lisis, opini\u00f3n y review | EN ESPA\u00d1OL\" width=\"696\" height=\"392\" src=\"https:\/\/www.youtube.com\/embed\/U1rieIAA13s?start=367&#038;feature=oembed\" frameborder=\"0\" allow=\"accelerometer; autoplay; clipboard-write; encrypted-media; gyroscope; picture-in-picture; web-share\" allowfullscreen><\/iframe><\/div>\n","protected":false},"excerpt":{"rendered":"<p>El brit\u00e1nico finalmente no optar\u00e1 a conseguir su plaza para el Campeonato del Mundo Ironman Niza en septiembre<\/p>\n","protected":false},"author":325,"featured_media":79463,"comment_status":"closed","ping_status":"closed","sticky":false,"template":"","format":"standard","meta":{"_acf_changed":false,"rank_math_lock_modified_date":false,"footnotes":""},"categories":[17],"tags":[10103],"class_list":{"0":"post-84013","1":"post","2":"type-post","3":"status-publish","4":"format-standard","5":"has-post-thumbnail","8":"tag-alistair-browlee"},"acf":[],"_links":{"self":[{"href":"https:\/\/miurltemporal.com/main/triatletasenred.sport.es\/wp-json\/wp\/v2\/posts\/84013"}],"collection":[{"href":"https:\/\/miurltemporal.com/main/triatletasenred.sport.es\/wp-json\/wp\/v2\/posts"}],"about":[{"href":"https:\/\/miurltemporal.com/main/triatletasenred.sport.es\/wp-json\/wp\/v2\/types\/post"}],"author":[{"embeddable":true,"href":"https:\/\/miurltemporal.com/main/triatletasenred.sport.es\/wp-json\/wp\/v2\/users\/325"}],"replies":[{"embeddable":true,"href":"https:\/\/miurltemporal.com/main/triatletasenred.sport.es\/wp-json\/wp\/v2\/comments?post=84013"}],"version-history":[{"count":3,"href":"https:\/\/miurltemporal.com/main/triatletasenred.sport.es\/wp-json\/wp\/v2\/posts\/84013\/revisions"}],"predecessor-version":[{"id":84016,"href":"https:\/\/miurltemporal.com/main/triatletasenred.sport.es\/wp-json\/wp\/v2\/posts\/84013\/revisions\/84016"}],"wp:featuredmedia":[{"embeddable":true,"href":"https:\/\/miurltemporal.com/main/triatletasenred.sport.es\/wp-json\/wp\/v2\/media\/79463"}],"wp:attachment":[{"href":"https:\/\/miurltemporal.com/main/triatletasenred.sport.es\/wp-json\/wp\/v2\/media?parent=84013"}],"wp:term":[{"taxonomy":"category","embeddable":true,"href":"https:\/\/miurltemporal.com/main/triatletasenred.sport.es\/wp-json\/wp\/v2\/categories?post=84013"},{"taxonomy":"post_tag","embeddable":true,"href":"https:\/\/miurltemporal.com/main/triatletasenred.sport.es\/wp-json\/wp\/v2\/tags?post=84013"}],"curies":[{"name":"wp","href":"https:\/\/api.w.org\/{rel}","templated":true}]}}