{"id":84010,"date":"2023-07-18T19:22:55","date_gmt":"2023-07-18T17:22:55","guid":{"rendered":"https:\/\/miurltemporal.com/main/triatletasenred.sport.es\/?p=84010"},"modified":"2023-07-18T19:37:32","modified_gmt":"2023-07-18T17:37:32","slug":"fernando-alarza-retirada","status":"publish","type":"post","link":"https:\/\/miurltemporal.com/main/triatletasenred.sport.es\/actualidad\/fernando-alarza-retirada\/","title":{"rendered":"Fernando Alarza se retira dejando un \u00faltimo TALAVERAZO"},"content":{"rendered":"<h4>En un emotivo comunicado en instagram se despide de la afici\u00f3n uno de nuestros mejores triatletas de todos los tiempos.<\/h4>\n<p><a href=\"https:\/\/www.finisher.es\" rel=\"nofollow noopener\" target=\"_blank\"><img fetchpriority=\"high\" decoding=\"async\" class=\"alignnone size-full wp-image-77427\" src=\"https:\/\/miurltemporal.com/main/triatletasenred.sport.es\/wp-content\/uploads\/Finisher-750x150-1.jpg\" alt=\"\" width=\"750\" height=\"150\" srcset=\"https:\/\/miurltemporal.com/main/triatletasenred.sport.es\/wp-content\/uploads\/Finisher-750x150-1.jpg 750w, https:\/\/miurltemporal.com/main/triatletasenred.sport.es\/wp-content\/uploads\/Finisher-750x150-1-700x140.jpg 700w, https:\/\/miurltemporal.com/main/triatletasenred.sport.es\/wp-content\/uploads\/Finisher-750x150-1-300x60.jpg 300w, https:\/\/miurltemporal.com/main/triatletasenred.sport.es\/wp-content\/uploads\/Finisher-750x150-1-696x139.jpg 696w\" sizes=\"(max-width: 750px) 100vw, 750px\" \/><\/a><\/p>\n<p><strong>Alarza ha dejado un \u00faltimo TALAVERAZO en forma de mensaje de despedida<\/strong>. Una decisi\u00f3n que si bien muchos esper\u00e1bamos no haber visto todav\u00eda, con la esperanza de una &#8220;<em>vuelta al ruedo<\/em>&#8220;, ya hab\u00eda sido tomada desde hace mucho tiempo.<\/p>\n<p>De este modo y con un \u00faltimo dorsal como ol\u00edmpico en Tokio, se despide un tio con carisma, con clase y que nos ha regalado grandes momentos a los aficionados en una larga trayectoria con diversos triunfos importantes entre los que destaca un campeonato del mundo junior, victorias y podios en series mundiales adem\u00e1s de grandes resultados en Campeonatos de Europa o su victoria en el Ironman 70.3 Cascais.<\/p>\n<p>Pero adem\u00e1s de los resultados, hemos visto a una persona afable, cercano, campechano, le hemos visto ser padre, hacer de DJ, y sobretodo de compartir su pasi\u00f3n con todos nosotros.<\/p>\n<h3>Hoy se hace oficial una retirada y se cierra oficialmente una p\u00e1gina en el libro de la historia del triatl\u00f3n.<\/h3>\n<p><strong>Gracias por todo Fernando!!!<\/strong><\/p>\n<p><iframe title=\"Triatl\u00f3n en vena \ud83d\udc89 con Fernando Alarza\" width=\"696\" height=\"392\" src=\"https:\/\/www.youtube.com\/embed\/nivoCkzI004?feature=oembed\" frameborder=\"0\" allow=\"accelerometer; autoplay; clipboard-write; encrypted-media; gyroscope; picture-in-picture; web-share\" referrerpolicy=\"strict-origin-when-cross-origin\" allowfullscreen><\/iframe><\/p>\n","protected":false},"excerpt":{"rendered":"<p>En un emotivo comunicado en instagram se despide de la afici\u00f3n uno de nuestros mejores triatletas de todos los tiempos.<\/p>\n","protected":false},"author":2,"featured_media":43972,"comment_status":"closed","ping_status":"closed","sticky":false,"template":"","format":"standard","meta":{"_acf_changed":false,"rank_math_lock_modified_date":false,"footnotes":""},"categories":[17],"tags":[10272],"class_list":{"0":"post-84010","1":"post","2":"type-post","3":"status-publish","4":"format-standard","5":"has-post-thumbnail","7":"category-actualidad","8":"tag-fernando-alarza-retitrada"},"acf":[],"_links":{"self":[{"href":"https:\/\/miurltemporal.com/main/triatletasenred.sport.es\/wp-json\/wp\/v2\/posts\/84010"}],"collection":[{"href":"https:\/\/miurltemporal.com/main/triatletasenred.sport.es\/wp-json\/wp\/v2\/posts"}],"about":[{"href":"https:\/\/miurltemporal.com/main/triatletasenred.sport.es\/wp-json\/wp\/v2\/types\/post"}],"author":[{"embeddable":true,"href":"https:\/\/miurltemporal.com/main/triatletasenred.sport.es\/wp-json\/wp\/v2\/users\/2"}],"replies":[{"embeddable":true,"href":"https:\/\/miurltemporal.com/main/triatletasenred.sport.es\/wp-json\/wp\/v2\/comments?post=84010"}],"version-history":[{"count":2,"href":"https:\/\/miurltemporal.com/main/triatletasenred.sport.es\/wp-json\/wp\/v2\/posts\/84010\/revisions"}],"predecessor-version":[{"id":84012,"href":"https:\/\/miurltemporal.com/main/triatletasenred.sport.es\/wp-json\/wp\/v2\/posts\/84010\/revisions\/84012"}],"wp:featuredmedia":[{"embeddable":true,"href":"https:\/\/miurltemporal.com/main/triatletasenred.sport.es\/wp-json\/wp\/v2\/media\/43972"}],"wp:attachment":[{"href":"https:\/\/miurltemporal.com/main/triatletasenred.sport.es\/wp-json\/wp\/v2\/media?parent=84010"}],"wp:term":[{"taxonomy":"category","embeddable":true,"href":"https:\/\/miurltemporal.com/main/triatletasenred.sport.es\/wp-json\/wp\/v2\/categories?post=84010"},{"taxonomy":"post_tag","embeddable":true,"href":"https:\/\/miurltemporal.com/main/triatletasenred.sport.es\/wp-json\/wp\/v2\/tags?post=84010"}],"curies":[{"name":"wp","href":"https:\/\/api.w.org\/{rel}","templated":true}]}}