{"id":84007,"date":"2023-07-18T13:55:39","date_gmt":"2023-07-18T11:55:39","guid":{"rendered":"https:\/\/miurltemporal.com/main/triatletasenred.sport.es\/?p=84007"},"modified":"2023-07-18T14:21:25","modified_gmt":"2023-07-18T12:21:25","slug":"otso-vi-half-gasteiz-abre-inscripciones-con-precio-reducido","status":"publish","type":"post","link":"https:\/\/miurltemporal.com/main/triatletasenred.sport.es\/actualidad\/otso-vi-half-gasteiz-abre-inscripciones-con-precio-reducido\/","title":{"rendered":"OTSO vi half Gasteiz abre inscripciones con precio reducido"},"content":{"rendered":"<h3><strong>El III OTSO vi half gasteiz se celebrar\u00e1 el 1 de junio de 2024 y ma\u00f1ana 19 de julio abre inscripciones con precio reducido.<\/strong><\/h3>\n<p><a href=\"http:\/\/www.zone3.es\" rel=\"nofollow noopener\" target=\"_blank\"><img fetchpriority=\"high\" decoding=\"async\" class=\"alignleft size-full wp-image-83185\" src=\"https:\/\/miurltemporal.com/main/triatletasenred.sport.es\/wp-content\/uploads\/banner-zone3_ter.jpg\" alt=\"\" width=\"2188\" height=\"469\" srcset=\"https:\/\/miurltemporal.com/main/triatletasenred.sport.es\/wp-content\/uploads\/banner-zone3_ter.jpg 2188w, https:\/\/miurltemporal.com/main/triatletasenred.sport.es\/wp-content\/uploads\/banner-zone3_ter-700x150.jpg 700w, https:\/\/miurltemporal.com/main/triatletasenred.sport.es\/wp-content\/uploads\/banner-zone3_ter-300x64.jpg 300w, https:\/\/miurltemporal.com/main/triatletasenred.sport.es\/wp-content\/uploads\/banner-zone3_ter-1024x219.jpg 1024w, https:\/\/miurltemporal.com/main/triatletasenred.sport.es\/wp-content\/uploads\/banner-zone3_ter-768x165.jpg 768w, https:\/\/miurltemporal.com/main/triatletasenred.sport.es\/wp-content\/uploads\/banner-zone3_ter-1536x329.jpg 1536w, https:\/\/miurltemporal.com/main/triatletasenred.sport.es\/wp-content\/uploads\/banner-zone3_ter-2048x439.jpg 2048w, https:\/\/miurltemporal.com/main/triatletasenred.sport.es\/wp-content\/uploads\/banner-zone3_ter-696x149.jpg 696w, https:\/\/miurltemporal.com/main/triatletasenred.sport.es\/wp-content\/uploads\/banner-zone3_ter-1068x229.jpg 1068w, https:\/\/miurltemporal.com/main/triatletasenred.sport.es\/wp-content\/uploads\/banner-zone3_ter-1920x412.jpg 1920w, https:\/\/miurltemporal.com/main/triatletasenred.sport.es\/wp-content\/uploads\/banner-zone3_ter-1959x420.jpg 1959w, https:\/\/miurltemporal.com/main/triatletasenred.sport.es\/wp-content\/uploads\/banner-zone3_ter-1320x283.jpg 1320w\" sizes=\"(max-width: 2188px) 100vw, 2188px\" \/><\/a><\/p>\n<p>&nbsp;<\/p>\n<p>&nbsp;<\/p>\n<p>&nbsp;<\/p>\n<p>Despu\u00e9s del \u00e9xito de las ediciones anteriores, el evento ha consolidado su lugar en el calendario de triatletas en tan solo dos a\u00f1os de existencia. El regreso del triatl\u00f3n de media distancia a Vitoria-Gasteiz en 2021 super\u00f3 todas las expectativas, lo que ha llevado a la organizaci\u00f3n a acelerar la publicaci\u00f3n oficial de la fecha para la tercera edici\u00f3n.<\/p>\n<p>El 1 de junio de 2024, los amantes de esta distancia se reunir\u00e1n una vez m\u00e1s en Vitoria-Gasteiz para disfrutar de todas las bondades que ofrece el OTSO vi half gasteiz. La apertura de inscripciones este mi\u00e9rcoles 19 de julio permitir\u00e1 a los participantes de las ediciones anteriores y a aquellos triatletas que se inscriban en las primeras semanas beneficiarse de un precio y condiciones especiales.<\/p>\n<p>Alain Fontecha y Eneko Alonso, responsables de la organizaci\u00f3n, han expresado su gratitud por el inter\u00e9s mostrado por la comunidad triatleta. Han destacado el cari\u00f1o y apoyo recibidos, y han prometido ofrecer una versi\u00f3n a\u00fan mejor del evento el pr\u00f3ximo 1 de junio, que con un a\u00f1o por delante para trabajar en ello, han tenido en cuenta las sugerencias de los participantes y est\u00e1n motivados para brindar una experiencia inolvidable.<\/p>\n<p>Adem\u00e1s, y aunque a\u00fan no se ha confirmado oficialmente, la prueba aspira a formar parte del ranking nacional de Triatl\u00f3n de Media Distancia y a entrar en el calendario internacional de la PTO por segundo a\u00f1o consecutivo. Esto demuestra la calidad y el prestigio alcanzados por el OTSO vi half gasteiz.<\/p>\n<p>No pierdas la oportunidad de formar parte de esta gran prueba. A partir de ma\u00f1ana, podr\u00e1s asegurar tu lugar en el evento con un precio especial. \u00a1Prep\u00e1rate para \u00a0vivir una experiencia \u00fanica en el III OTSO vi half gasteiz el 1 de junio de 2024 en Vitoria-Gasteiz.<\/p>\n<p><span class=\"td_btn td_btn_lg td_outlined_btn\"><a href=\"https:\/\/vihalfgasteiz.com\" rel=\"nofollow noopener\" target=\"_blank\">WEB E INSCRIPCIONES<\/a><\/span><\/p>\n<div class=\"youtube-embed\" data-video_id=\"U1rieIAA13s\"><iframe title=\"HOKA MACH X | An\u00e1lisis, opini\u00f3n y review | EN ESPA\u00d1OL\" width=\"696\" height=\"392\" src=\"https:\/\/www.youtube.com\/embed\/U1rieIAA13s?start=117&#038;feature=oembed\" frameborder=\"0\" allow=\"accelerometer; autoplay; clipboard-write; encrypted-media; gyroscope; picture-in-picture; web-share\" allowfullscreen><\/iframe><\/div>\n","protected":false},"excerpt":{"rendered":"<p>El III OTSO vi half gasteiz se celebrar\u00e1 el 1 de junio de 2024 y ma\u00f1ana 19 de julio abre inscripciones con precio reducido.<\/p>\n","protected":false},"author":322,"featured_media":84008,"comment_status":"closed","ping_status":"closed","sticky":false,"template":"","format":"standard","meta":{"_acf_changed":false,"rank_math_lock_modified_date":false,"footnotes":""},"categories":[17,19,1191],"tags":[],"class_list":{"0":"post-84007","1":"post","2":"type-post","3":"status-publish","4":"format-standard","5":"has-post-thumbnail","7":"category-actualidad","8":"category-competiciones","9":"category-triatlon"},"acf":[],"_links":{"self":[{"href":"https:\/\/miurltemporal.com/main/triatletasenred.sport.es\/wp-json\/wp\/v2\/posts\/84007"}],"collection":[{"href":"https:\/\/miurltemporal.com/main/triatletasenred.sport.es\/wp-json\/wp\/v2\/posts"}],"about":[{"href":"https:\/\/miurltemporal.com/main/triatletasenred.sport.es\/wp-json\/wp\/v2\/types\/post"}],"author":[{"embeddable":true,"href":"https:\/\/miurltemporal.com/main/triatletasenred.sport.es\/wp-json\/wp\/v2\/users\/322"}],"replies":[{"embeddable":true,"href":"https:\/\/miurltemporal.com/main/triatletasenred.sport.es\/wp-json\/wp\/v2\/comments?post=84007"}],"version-history":[{"count":1,"href":"https:\/\/miurltemporal.com/main/triatletasenred.sport.es\/wp-json\/wp\/v2\/posts\/84007\/revisions"}],"predecessor-version":[{"id":84009,"href":"https:\/\/miurltemporal.com/main/triatletasenred.sport.es\/wp-json\/wp\/v2\/posts\/84007\/revisions\/84009"}],"wp:featuredmedia":[{"embeddable":true,"href":"https:\/\/miurltemporal.com/main/triatletasenred.sport.es\/wp-json\/wp\/v2\/media\/84008"}],"wp:attachment":[{"href":"https:\/\/miurltemporal.com/main/triatletasenred.sport.es\/wp-json\/wp\/v2\/media?parent=84007"}],"wp:term":[{"taxonomy":"category","embeddable":true,"href":"https:\/\/miurltemporal.com/main/triatletasenred.sport.es\/wp-json\/wp\/v2\/categories?post=84007"},{"taxonomy":"post_tag","embeddable":true,"href":"https:\/\/miurltemporal.com/main/triatletasenred.sport.es\/wp-json\/wp\/v2\/tags?post=84007"}],"curies":[{"name":"wp","href":"https:\/\/api.w.org\/{rel}","templated":true}]}}