{"id":83987,"date":"2023-07-17T12:42:33","date_gmt":"2023-07-17T10:42:33","guid":{"rendered":"https:\/\/miurltemporal.com/main/triatletasenred.sport.es\/?p=83987"},"modified":"2023-07-17T14:13:16","modified_gmt":"2023-07-17T12:13:16","slug":"3meseshalftriathlonibiza","status":"publish","type":"post","link":"https:\/\/miurltemporal.com/main/triatletasenred.sport.es\/actualidad\/3meseshalftriathlonibiza\/","title":{"rendered":"Menos de 100 d\u00edas para el Half Triathlon Ibiza"},"content":{"rendered":"<h3><strong>La prueba de media distancia de la isla blanca puntuable para la PTO tendr\u00e1 lugar el pr\u00f3ximo 22 de octubre.<\/strong><\/h3>\n<p><a href=\"http:\/\/www.zone3.es\" rel=\"nofollow noopener\" target=\"_blank\"><img fetchpriority=\"high\" decoding=\"async\" class=\"alignleft size-full wp-image-83185\" src=\"https:\/\/miurltemporal.com/main/triatletasenred.sport.es\/wp-content\/uploads\/banner-zone3_ter.jpg\" alt=\"\" width=\"2188\" height=\"469\" srcset=\"https:\/\/miurltemporal.com/main/triatletasenred.sport.es\/wp-content\/uploads\/banner-zone3_ter.jpg 2188w, https:\/\/miurltemporal.com/main/triatletasenred.sport.es\/wp-content\/uploads\/banner-zone3_ter-700x150.jpg 700w, https:\/\/miurltemporal.com/main/triatletasenred.sport.es\/wp-content\/uploads\/banner-zone3_ter-300x64.jpg 300w, https:\/\/miurltemporal.com/main/triatletasenred.sport.es\/wp-content\/uploads\/banner-zone3_ter-1024x219.jpg 1024w, https:\/\/miurltemporal.com/main/triatletasenred.sport.es\/wp-content\/uploads\/banner-zone3_ter-768x165.jpg 768w, https:\/\/miurltemporal.com/main/triatletasenred.sport.es\/wp-content\/uploads\/banner-zone3_ter-1536x329.jpg 1536w, https:\/\/miurltemporal.com/main/triatletasenred.sport.es\/wp-content\/uploads\/banner-zone3_ter-2048x439.jpg 2048w, https:\/\/miurltemporal.com/main/triatletasenred.sport.es\/wp-content\/uploads\/banner-zone3_ter-696x149.jpg 696w, https:\/\/miurltemporal.com/main/triatletasenred.sport.es\/wp-content\/uploads\/banner-zone3_ter-1068x229.jpg 1068w, https:\/\/miurltemporal.com/main/triatletasenred.sport.es\/wp-content\/uploads\/banner-zone3_ter-1920x412.jpg 1920w, https:\/\/miurltemporal.com/main/triatletasenred.sport.es\/wp-content\/uploads\/banner-zone3_ter-1959x420.jpg 1959w, https:\/\/miurltemporal.com/main/triatletasenred.sport.es\/wp-content\/uploads\/banner-zone3_ter-1320x283.jpg 1320w\" sizes=\"(max-width: 2188px) 100vw, 2188px\" \/><\/a><\/p>\n<p>&nbsp;<\/p>\n<p>&nbsp;<\/p>\n<p>&nbsp;<\/p>\n<p>Sumergidos ya en plena \u00e9poca estival, el Half Triathlon Ibiza comienza su cuenta a tras a falta de menos de 3 meses para su celebraci\u00f3n. La prueba dar\u00e1 la primera salida a las 8:30 de la ma\u00f1ana en la Playa de las Figueretas donde cientos de triatletas procedentes de toda Espa\u00f1a, pero tambi\u00e9n llegados del resto de Europa comenzar\u00e1n la que ser\u00e1 una de las competiciones enmarcadas dentro de la Copa de Espa\u00f1a de Triatl\u00f3n de Media y Larga Distancia de la Federaci\u00f3n Espa\u00f1ola de Triatl\u00f3n.<\/p>\n<p>Ibiza ser\u00e1 adem\u00e1s un fant\u00e1stico escenario para triatletas internacionales ya que como ya anunciaba hace unos meses la organizaci\u00f3n, un a\u00f1o mas formar\u00e1 parte del prestigioso circuito de la PTO. Y por si lo anterior no sirviera de argumento suficiente para hacer de este half un evento de alto nivel, los premios econ\u00f3micos se mantendr\u00e1n en esos jugosos 10.000\u20ac que se repartir\u00e1n entre los ganadores.<\/p>\n<p>Los espectaculares recorridos que ofrece el Half Triathlon Ibiza se suman al entorno ofrecido por la isla blanca y estos est\u00e1n formados por 2000 metros de nataci\u00f3n en aguas tranquilas y templadas, seguidos de 90 km de ciclismo a trav\u00e9s de dos vueltas por las carreteras onduladas de la isla, y para finalizar, una media marat\u00f3n a tres vueltas en un circuito exigente pero muy disfrutable gracias a sus atractivas vistas.<\/p>\n<p>El evento est\u00e1 organizado por la Asociaci\u00f3n Deportiva Half Ibiza Triathlon, quienes son un sello de calidad organizativa y fant\u00e1stico trato al triatleta, poniendo as\u00ed el envoltorio perfecto a una experiencia para disfrutar mas all\u00e1 de la propia competici\u00f3n, convirti\u00e9ndose en una gran opci\u00f3n para acabar una temporada disfrutando con la familia y cumpliendo los objetivos de la temporada.<\/p>\n<p><span class=\"td_btn td_btn_lg td_outlined_btn\"><a href=\"https:\/\/triatlonibiza.com\" rel=\"nofollow noopener\" target=\"_blank\">WEB E INSCRIPCIONES<\/a><\/span><\/p>\n<div class=\"youtube-embed\" data-video_id=\"U1rieIAA13s\"><iframe title=\"HOKA MACH X | An\u00e1lisis, opini\u00f3n y review | EN ESPA\u00d1OL\" width=\"696\" height=\"392\" src=\"https:\/\/www.youtube.com\/embed\/U1rieIAA13s?start=115&#038;feature=oembed\" frameborder=\"0\" allow=\"accelerometer; autoplay; clipboard-write; encrypted-media; gyroscope; picture-in-picture; web-share\" allowfullscreen><\/iframe><\/div>\n","protected":false},"excerpt":{"rendered":"<p>La prueba de media distancia de la isla blanca puntuable para la PTO tendr\u00e1 lugar el pr\u00f3ximo 22 de octubre.<\/p>\n","protected":false},"author":322,"featured_media":83988,"comment_status":"closed","ping_status":"closed","sticky":false,"template":"","format":"standard","meta":{"_acf_changed":false,"rank_math_lock_modified_date":false,"footnotes":""},"categories":[17,19,1191],"tags":[],"class_list":{"0":"post-83987","1":"post","2":"type-post","3":"status-publish","4":"format-standard","5":"has-post-thumbnail","7":"category-actualidad","8":"category-competiciones","9":"category-triatlon"},"acf":[],"_links":{"self":[{"href":"https:\/\/miurltemporal.com/main/triatletasenred.sport.es\/wp-json\/wp\/v2\/posts\/83987"}],"collection":[{"href":"https:\/\/miurltemporal.com/main/triatletasenred.sport.es\/wp-json\/wp\/v2\/posts"}],"about":[{"href":"https:\/\/miurltemporal.com/main/triatletasenred.sport.es\/wp-json\/wp\/v2\/types\/post"}],"author":[{"embeddable":true,"href":"https:\/\/miurltemporal.com/main/triatletasenred.sport.es\/wp-json\/wp\/v2\/users\/322"}],"replies":[{"embeddable":true,"href":"https:\/\/miurltemporal.com/main/triatletasenred.sport.es\/wp-json\/wp\/v2\/comments?post=83987"}],"version-history":[{"count":1,"href":"https:\/\/miurltemporal.com/main/triatletasenred.sport.es\/wp-json\/wp\/v2\/posts\/83987\/revisions"}],"predecessor-version":[{"id":83989,"href":"https:\/\/miurltemporal.com/main/triatletasenred.sport.es\/wp-json\/wp\/v2\/posts\/83987\/revisions\/83989"}],"wp:featuredmedia":[{"embeddable":true,"href":"https:\/\/miurltemporal.com/main/triatletasenred.sport.es\/wp-json\/wp\/v2\/media\/83988"}],"wp:attachment":[{"href":"https:\/\/miurltemporal.com/main/triatletasenred.sport.es\/wp-json\/wp\/v2\/media?parent=83987"}],"wp:term":[{"taxonomy":"category","embeddable":true,"href":"https:\/\/miurltemporal.com/main/triatletasenred.sport.es\/wp-json\/wp\/v2\/categories?post=83987"},{"taxonomy":"post_tag","embeddable":true,"href":"https:\/\/miurltemporal.com/main/triatletasenred.sport.es\/wp-json\/wp\/v2\/tags?post=83987"}],"curies":[{"name":"wp","href":"https:\/\/api.w.org\/{rel}","templated":true}]}}