{"id":83972,"date":"2023-07-16T11:52:27","date_gmt":"2023-07-16T09:52:27","guid":{"rendered":"https:\/\/miurltemporal.com/main/triatletasenred.sport.es\/?p=83972"},"modified":"2023-07-16T12:00:40","modified_gmt":"2023-07-16T10:00:40","slug":"antonio-benito-se-lleva-el-im-70-3-swansea","status":"publish","type":"post","link":"https:\/\/miurltemporal.com/main/triatletasenred.sport.es\/actualidad\/antonio-benito-se-lleva-el-im-70-3-swansea\/","title":{"rendered":"Antonio Benito se lleva el IM 70.3 Swansea"},"content":{"rendered":"<h3>Antonio Benito se lleva su segundo IM 70.3 de la temporada<\/h3>\n<p><\/a><\/p>\n<p class=\"p3\"><span class=\"s2\">Antonio Benito sigue demostrando que tiene mucho que decir en la media distancia. <strong>Tras coronarse a principios de a\u00f1o en el IM 70.3 Pucon, hoy se ha vuelto a subir a los m\u00e1s alto en el IM 70.3 Swansea<\/strong><\/span><\/p>\n<p class=\"p3\"><span class=\"s2\">Una carrera en donde <strong>sal\u00eda 3\u00ba del agua<\/strong> junto a los brit\u00e1nicos Andrew Horsfall y Harry Palmer y al dan\u00e9s Scott Steemberg y a 30\u201d del l\u00edder, el alem\u00e1n Justus Nieschlag.<\/span><\/p>\n<p class=\"p3\"><span class=\"s2\">En la bici, aunque no pudo aguar al dan\u00e9s Scott Steemberg que hizo una bici brutal llegando primero a la T1 con m\u00e1s de 5\u2019 respecto al grupo perseguidor, <strong>pudo entrar en ese segundo grupo de 4 unidades<\/strong> que lo compon\u00edan el australiano Jack Moody, el alem\u00e1n Justus Nieschlag, el brit\u00e1nico Harry Palmer y el propio Antonio Benito<\/span><\/p>\n<p class=\"p3\"><span class=\"s2\">Y en la carrera fue donde Antonio Benito demostr\u00f3 una vez m\u00e1s que si llega delante en la bici, siempre es uno de los grandes favoritos. <strong>Fue recort\u00e1ndole tiempo al dan\u00e9s y al llegar al ecuador ya le daba caza recort\u00e1ndole esos casi 6\u2019 que le sacaba en T2<\/strong>. Con una carrera brutal, como nos tiene acostumbrados, lleg\u00f3 primero a l\u00ednea de meta para llevarse su segunda IM 70.3 de la temporada y seguir con un 2023 donde su rendimiento sigue siendo superlativo.<\/span><\/p>\n","protected":false},"excerpt":{"rendered":"<p>Antonio Benito se lleva su segundo IM 70.3 de la temporada Antonio Benito sigue demostrando que tiene mucho que decir en la media distancia. Tras coronarse a principios de a\u00f1o en el IM 70.3 Pucon, hoy se ha vuelto a subir a los m\u00e1s alto en el IM 70.3 Swansea Una carrera en donde sal\u00eda [&hellip;]<\/p>\n","protected":false},"author":325,"featured_media":82741,"comment_status":"closed","ping_status":"closed","sticky":false,"template":"","format":"standard","meta":{"_acf_changed":false,"rank_math_lock_modified_date":false,"footnotes":""},"categories":[17],"tags":[3812,10269],"class_list":{"0":"post-83972","1":"post","2":"type-post","3":"status-publish","4":"format-standard","5":"has-post-thumbnail","7":"category-actualidad","8":"tag-antonio-benito","9":"tag-im-70-3-swansea"},"acf":[],"_links":{"self":[{"href":"https:\/\/miurltemporal.com/main/triatletasenred.sport.es\/wp-json\/wp\/v2\/posts\/83972"}],"collection":[{"href":"https:\/\/miurltemporal.com/main/triatletasenred.sport.es\/wp-json\/wp\/v2\/posts"}],"about":[{"href":"https:\/\/miurltemporal.com/main/triatletasenred.sport.es\/wp-json\/wp\/v2\/types\/post"}],"author":[{"embeddable":true,"href":"https:\/\/miurltemporal.com/main/triatletasenred.sport.es\/wp-json\/wp\/v2\/users\/325"}],"replies":[{"embeddable":true,"href":"https:\/\/miurltemporal.com/main/triatletasenred.sport.es\/wp-json\/wp\/v2\/comments?post=83972"}],"version-history":[{"count":1,"href":"https:\/\/miurltemporal.com/main/triatletasenred.sport.es\/wp-json\/wp\/v2\/posts\/83972\/revisions"}],"predecessor-version":[{"id":83973,"href":"https:\/\/miurltemporal.com/main/triatletasenred.sport.es\/wp-json\/wp\/v2\/posts\/83972\/revisions\/83973"}],"wp:featuredmedia":[{"embeddable":true,"href":"https:\/\/miurltemporal.com/main/triatletasenred.sport.es\/wp-json\/wp\/v2\/media\/82741"}],"wp:attachment":[{"href":"https:\/\/miurltemporal.com/main/triatletasenred.sport.es\/wp-json\/wp\/v2\/media?parent=83972"}],"wp:term":[{"taxonomy":"category","embeddable":true,"href":"https:\/\/miurltemporal.com/main/triatletasenred.sport.es\/wp-json\/wp\/v2\/categories?post=83972"},{"taxonomy":"post_tag","embeddable":true,"href":"https:\/\/miurltemporal.com/main/triatletasenred.sport.es\/wp-json\/wp\/v2\/tags?post=83972"}],"curies":[{"name":"wp","href":"https:\/\/api.w.org\/{rel}","templated":true}]}}