{"id":83643,"date":"2023-06-23T12:08:29","date_gmt":"2023-06-23T10:08:29","guid":{"rendered":"https:\/\/miurltemporal.com/main/triatletasenred.sport.es\/?p=83643"},"modified":"2023-06-23T12:15:04","modified_gmt":"2023-06-23T10:15:04","slug":"que-te-parecen-estas-medidas-de-challenge-roth","status":"publish","type":"post","link":"https:\/\/miurltemporal.com/main/triatletasenred.sport.es\/actualidad\/que-te-parecen-estas-medidas-de-challenge-roth\/","title":{"rendered":"\u00bfQu\u00e9 te parecen estas medidas de Challenge Roth?"},"content":{"rendered":"<h3 style=\"font-weight: 400;\">Challenge Roth ha tomado una serie de medidas para intentar que la carrera sea lo m\u00e1s justa posible.<\/h3>\n<p><\/a><\/p>\n<p style=\"font-weight: 400;\">Llevamos tiempo viendo como los triatletas PRO y los grupos de edad est\u00e1n alzando la voz para que los organizadores de las carreras empiecen a tomar medidas para que <strong>las carreras sean lo m\u00e1s justas posibles<\/strong>.<\/p>\n<p style=\"font-weight: 400;\">Hablamos del <strong>drafting<\/strong>, del <strong>papel que juegan las motocicletas<\/strong> de la organizaci\u00f3n y de los medios de comunicaci\u00f3n que suelen ir normalmente con el grupo cabecero y en menor medida, pero tambi\u00e9n de l<strong>as innovaciones que estamos viendo a nivel de material<\/strong>.<\/p>\n<p style=\"font-weight: 400;\">Es por ello que <strong>Challenge Roth<\/strong>, con ayuda de algunos <strong>triatletas profesionales y de la federaci\u00f3n alemana de triatl\u00f3n<\/strong>, ha tomado una serie de medidas para intentar reducir todas estas cosas que afectan el desarrollo de la prueba.<\/p>\n<ol>\n<li>\n<h3>Limitaci\u00f3n del n\u00famero de motocicletas<\/h3>\n<\/li>\n<\/ol>\n<p style=\"font-weight: 400;\"><strong>El n\u00famero de motocicicletas<\/strong> ya sean de la organizaci\u00f3n o de los medios de comunicaci\u00f3n <strong>que suelen ir con el grupo de cabeza de carrera suele hacer que influyan directamente en el desarrollo de la prueba<\/strong>. \u00c9ste hecho se lleva denunciando mucho tiempo por los triatletas en los Briefings de carrera, pero lo seguimos viendo.<\/p>\n<p style=\"font-weight: 400;\">Tal y como ha explicado <strong>Patrick Lange<\/strong> en la previa a la carrera <em>\u201cEl a\u00f1o pasado en Roth, la cabeza de carrera estaba llena de motos, tambi\u00e9n porque estaba Jan Frodeno ah\u00ed delante y atrae mucha gente de medios de comunicaci\u00f3n, pero tenemos que pensar c\u00f3mo afectan esas motos a la carrera<\/em>\u201d. Adem\u00e1s, el alem\u00e1n explica como ese hecho, el a\u00f1o pasado, tambi\u00e9n condicion\u00f3 la carrera \u201c<em>El a\u00f1o pasado, aunque el cartel de corredores no era como el de este a\u00f1o, despu\u00e9s de que Magnus Ditlev me atacara moviendo 800 wattios durante 20\u2019, vi c\u00f3mo me iba metiendo minutos tras minutos mientras yo hac\u00eda mi mejor media de wattios de mi vida \u00bfc\u00f3mo era posible?\u201d<\/em>.<\/p>\n<p style=\"font-weight: 400;\">Por ello, para intentar evitar ese beneficio que aportan las motos, <strong>Challenge Roth ha tomado la decisi\u00f3n de limitar el n\u00famero de motos en carrera<\/strong> para intentar que la competici\u00f3n sea m\u00e1s justa y de esta forma progresar en el buen camino<\/p>\n<ol start=\"2\">\n<li>\n<h3>Aerodin\u00e1mica<\/h3>\n<\/li>\n<\/ol>\n<p style=\"font-weight: 400;\">La innovaci\u00f3n y las mejoras que se est\u00e1n llevando a cabo en el triatl\u00f3n con el material y la aerodin\u00e1mica es impresionante. En este aspecto, hace pocos meses ve\u00edamos como Joe Skipper ense\u00f1aba la bicicleta que iba a utilizar en algunas carreras con la hidrataci\u00f3n puesta sobre los acoples y llevando un <em>camelbak<\/em> en el pecho que le ayudaba a ser m\u00e1s aerodin\u00e1mico.<\/p>\n<p style=\"font-weight: 400;\">Pues bien, este a\u00f1o Challenge Roth ha enviado un mail a los triatletas diciendo \u201c<em>si ten\u00e9is una super especial bici\/con acoples y quer\u00e9is ver si entra dentro del reglamento, por favor mandarnos una foto. Seg\u00fan reglamento, no est\u00e1 permitido llevar nada metido dentro del mono de competici\u00f3n (ni botellas, sistemas aeros, toallas, chaquetas o ninguna otra cosa). Por supuesto pod\u00e9is meter nutrici\u00f3n en los bolsillos de la parte de atr\u00e1s del tritraje pero no por dentro. Si lo hac\u00e9is, estar\u00e9is descalificados<\/em>\u201d<\/p>\n<ol start=\"3\">\n<li>\n<h3>Prototipo de zapatillas de carbono con super tal\u00f3n<\/h3>\n<\/li>\n<\/ol>\n<p style=\"font-weight: 400;\">Tal y como hemos podido saber gracias a<strong> Patrick Lange, puede que este a\u00f1o Challenge Roth sea la \u00faltima carrera en donde podamos ver zapatillas prototipo con mucha altura de tal\u00f3n.<\/strong><\/p>\n<p style=\"font-weight: 400;\">Aun as\u00ed, y tal y como ha dicho el alem\u00e1n, este reglamento de zapatillas influir\u00e1, pero la ventaja que se puede sacar respecto a otro tipo de zapatillas permitidas, como mucho, es de pocos minutos. Es decir, la ventaja que aportan las motocicletas en cabeza de carrera respecto a los prototipos de zapatillas no es absolutamente para nada comparable.<\/p>\n<div class=\"youtube-embed\" data-video_id=\"kB3m7qcigKY\"><iframe title=\"Las claves para ser un buen entrenador. Roberto Corujo al aparato \ud83c\udfa4\" width=\"696\" height=\"392\" src=\"https:\/\/www.youtube.com\/embed\/kB3m7qcigKY?start=3&#038;feature=oembed\" frameborder=\"0\" allow=\"accelerometer; autoplay; clipboard-write; encrypted-media; gyroscope; picture-in-picture; web-share\" referrerpolicy=\"strict-origin-when-cross-origin\" allowfullscreen><\/iframe><\/div>\n","protected":false},"excerpt":{"rendered":"<p>Challenge Roth ha tomado una serie de medidas para intentar que la carrera sea lo m\u00e1s justa posible. Llevamos tiempo viendo como los triatletas PRO y los grupos de edad est\u00e1n alzando la voz para que los organizadores de las carreras empiecen a tomar medidas para que las carreras sean lo m\u00e1s justas posibles. Hablamos [&hellip;]<\/p>\n","protected":false},"author":325,"featured_media":70618,"comment_status":"closed","ping_status":"closed","sticky":false,"template":"","format":"standard","meta":{"_acf_changed":false,"rank_math_lock_modified_date":false,"footnotes":""},"categories":[17],"tags":[2834,9629,10234],"class_list":{"0":"post-83643","1":"post","2":"type-post","3":"status-publish","4":"format-standard","5":"has-post-thumbnail","7":"category-actualidad","8":"tag-challenge-roth","9":"tag-challenge-roth-2023","10":"tag-normativa-challenge-roth"},"acf":[],"_links":{"self":[{"href":"https:\/\/miurltemporal.com/main/triatletasenred.sport.es\/wp-json\/wp\/v2\/posts\/83643"}],"collection":[{"href":"https:\/\/miurltemporal.com/main/triatletasenred.sport.es\/wp-json\/wp\/v2\/posts"}],"about":[{"href":"https:\/\/miurltemporal.com/main/triatletasenred.sport.es\/wp-json\/wp\/v2\/types\/post"}],"author":[{"embeddable":true,"href":"https:\/\/miurltemporal.com/main/triatletasenred.sport.es\/wp-json\/wp\/v2\/users\/325"}],"replies":[{"embeddable":true,"href":"https:\/\/miurltemporal.com/main/triatletasenred.sport.es\/wp-json\/wp\/v2\/comments?post=83643"}],"version-history":[{"count":1,"href":"https:\/\/miurltemporal.com/main/triatletasenred.sport.es\/wp-json\/wp\/v2\/posts\/83643\/revisions"}],"predecessor-version":[{"id":83644,"href":"https:\/\/miurltemporal.com/main/triatletasenred.sport.es\/wp-json\/wp\/v2\/posts\/83643\/revisions\/83644"}],"wp:featuredmedia":[{"embeddable":true,"href":"https:\/\/miurltemporal.com/main/triatletasenred.sport.es\/wp-json\/wp\/v2\/media\/70618"}],"wp:attachment":[{"href":"https:\/\/miurltemporal.com/main/triatletasenred.sport.es\/wp-json\/wp\/v2\/media?parent=83643"}],"wp:term":[{"taxonomy":"category","embeddable":true,"href":"https:\/\/miurltemporal.com/main/triatletasenred.sport.es\/wp-json\/wp\/v2\/categories?post=83643"},{"taxonomy":"post_tag","embeddable":true,"href":"https:\/\/miurltemporal.com/main/triatletasenred.sport.es\/wp-json\/wp\/v2\/tags?post=83643"}],"curies":[{"name":"wp","href":"https:\/\/api.w.org\/{rel}","templated":true}]}}