{"id":83548,"date":"2023-06-16T09:01:02","date_gmt":"2023-06-16T07:01:02","guid":{"rendered":"https:\/\/miurltemporal.com/main/triatletasenred.sport.es\/?p=83548"},"modified":"2023-06-17T20:44:32","modified_gmt":"2023-06-17T18:44:32","slug":"copa-del-mundo-de-huatulco-domingo","status":"publish","type":"post","link":"https:\/\/miurltemporal.com/main/triatletasenred.sport.es\/actualidad\/copa-del-mundo-de-huatulco-domingo\/","title":{"rendered":"6 espa\u00f1oles a por todas en la Copa del Mundo de Huatulco este domingo"},"content":{"rendered":"<h3>Parte de la #TriArmada se ha desplazado has M\u00e9xico esta semana para continuar con la clasificaci\u00f3n ol\u00edmpica en la WC de Huatulco.<\/h3>\n<p><a href=\"https:\/\/zone3.es\" rel=\"nofollow noopener\" target=\"_blank\"><img fetchpriority=\"high\" decoding=\"async\" class=\"aligncenter size-full wp-image-83185\" src=\"https:\/\/miurltemporal.com/main/triatletasenred.sport.es\/wp-content\/uploads\/banner-zone3_ter.jpg\" alt=\"\" width=\"2188\" height=\"469\" srcset=\"https:\/\/miurltemporal.com/main/triatletasenred.sport.es\/wp-content\/uploads\/banner-zone3_ter.jpg 2188w, https:\/\/miurltemporal.com/main/triatletasenred.sport.es\/wp-content\/uploads\/banner-zone3_ter-700x150.jpg 700w, https:\/\/miurltemporal.com/main/triatletasenred.sport.es\/wp-content\/uploads\/banner-zone3_ter-300x64.jpg 300w, https:\/\/miurltemporal.com/main/triatletasenred.sport.es\/wp-content\/uploads\/banner-zone3_ter-1024x219.jpg 1024w, https:\/\/miurltemporal.com/main/triatletasenred.sport.es\/wp-content\/uploads\/banner-zone3_ter-768x165.jpg 768w, https:\/\/miurltemporal.com/main/triatletasenred.sport.es\/wp-content\/uploads\/banner-zone3_ter-1536x329.jpg 1536w, https:\/\/miurltemporal.com/main/triatletasenred.sport.es\/wp-content\/uploads\/banner-zone3_ter-2048x439.jpg 2048w, https:\/\/miurltemporal.com/main/triatletasenred.sport.es\/wp-content\/uploads\/banner-zone3_ter-696x149.jpg 696w, https:\/\/miurltemporal.com/main/triatletasenred.sport.es\/wp-content\/uploads\/banner-zone3_ter-1068x229.jpg 1068w, https:\/\/miurltemporal.com/main/triatletasenred.sport.es\/wp-content\/uploads\/banner-zone3_ter-1920x412.jpg 1920w, https:\/\/miurltemporal.com/main/triatletasenred.sport.es\/wp-content\/uploads\/banner-zone3_ter-1959x420.jpg 1959w, https:\/\/miurltemporal.com/main/triatletasenred.sport.es\/wp-content\/uploads\/banner-zone3_ter-1320x283.jpg 1320w\" sizes=\"(max-width: 2188px) 100vw, 2188px\" \/><\/a><\/p>\n<p>Este finde semana volver\u00e1 a celebrarse una <strong>World Cup<\/strong>. Despu\u00e9s de la que tuvo lugar en New Plymounth a finales de marzo, llega la segunda de esta temporada, esta vez en <strong>Huatulco<\/strong> (M\u00e9xico), una prueba que nos trae muy buenos recuerdos gracias a la pasada edici\u00f3n donde Genis Grau se llev\u00f3 la victoria despu\u00e9s de un incre\u00edble sprint final contra Tyler Mislawchuk y Miguel Hidalgo.<\/p>\n<h3>Los espa\u00f1oles, favoritos para la victoria<\/h3>\n<p>En esta edici\u00f3n volver\u00e1 a tomar la salida <strong>Genis Grau<\/strong>, e intentar\u00e1 quitarse la espinita del Campeonato de Europa, donde unos problemas mec\u00e1nicos y f\u00edsicos le impidieron mostrar su mejor versi\u00f3n. Con \u00e9l, tambi\u00e9n tomar\u00e1 la salida <strong>David Castro<\/strong>, reci\u00e9n proclamado campe\u00f3n de Europa que, junto a Grau y<strong> Alberto Gonz\u00e1lez<\/strong>, quien tambi\u00e9n sabe ya lo que es subir al podio de una World Cup, son algunos de los m\u00e1ximos favoritos para subir al podio o levantar la cinta en meta.<\/p>\n<p>El joven <strong>David Cantero<\/strong> ser\u00e1 el otro integrante de la #TriArmada masculina y que, aunque esta ser\u00e1 su segunda World Cup, no ser\u00eda extra\u00f1o verlo dentro del Top 10.<\/p>\n<p><strong>Marta Pintanel<\/strong>, 4\u00aa en la World Cup de Vi\u00f1a del Mar el a\u00f1o pasado y 17\u00aa en New Playmouth esta temporada, formar\u00e1 junto a <strong>Natalia Castro<\/strong> la #TriArmada femenina.<\/p>\n<p>Pod\u00e9is consultar las <em>start list<\/em> completas <strong><a href=\"https:\/\/triathlon.org\/events\/start_lists\/2023_world_triathlon_cup_huatulco\" rel=\"nofollow noopener\" target=\"_blank\">aqu\u00ed<\/a><\/strong>.<\/p>\n<h3>C\u00f3mo y cu\u00e1ndo verlo en directo<\/h3>\n<p>La prueba, que se celebrar\u00e1 bajo la distancia Sprint, tendr\u00e1 lugar el <strong>domingo\u00a018 de junio<\/strong>. El primer turno ser\u00e1 el de las <strong>mujeres<\/strong> a las <strong>00:30 am<\/strong>\u00a0(hora espa\u00f1ola), y a las <strong>02:00 am<\/strong> (hora espa\u00f1ola) del domingo 18 ser\u00e1 el turno de los <strong>hombres<\/strong>. Ambas pruebas se podr\u00e1n ver en directo a trav\u00e9s de <strong>TriathlonLIVE<\/strong>.<\/p>\n<p>https:\/\/www.youtube.com\/watch?v=d74816JF3cY<\/p>\n<p>&nbsp;<\/p>\n","protected":false},"excerpt":{"rendered":"<p>Parte de la #TriArmada se ha desplazado has M\u00e9xico esta semana para continuar con la clasificaci\u00f3n ol\u00edmpica en la WC de Huatulco.<\/p>\n","protected":false},"author":324,"featured_media":83549,"comment_status":"closed","ping_status":"closed","sticky":false,"template":"","format":"standard","meta":{"_acf_changed":false,"rank_math_lock_modified_date":false,"footnotes":""},"categories":[17],"tags":[1966,3598,10219],"class_list":{"0":"post-83548","1":"post","2":"type-post","3":"status-publish","4":"format-standard","5":"has-post-thumbnail","7":"category-actualidad","8":"tag-david-castro","9":"tag-genis-grau","10":"tag-wc-huatulco"},"acf":[],"_links":{"self":[{"href":"https:\/\/miurltemporal.com/main/triatletasenred.sport.es\/wp-json\/wp\/v2\/posts\/83548"}],"collection":[{"href":"https:\/\/miurltemporal.com/main/triatletasenred.sport.es\/wp-json\/wp\/v2\/posts"}],"about":[{"href":"https:\/\/miurltemporal.com/main/triatletasenred.sport.es\/wp-json\/wp\/v2\/types\/post"}],"author":[{"embeddable":true,"href":"https:\/\/miurltemporal.com/main/triatletasenred.sport.es\/wp-json\/wp\/v2\/users\/324"}],"replies":[{"embeddable":true,"href":"https:\/\/miurltemporal.com/main/triatletasenred.sport.es\/wp-json\/wp\/v2\/comments?post=83548"}],"version-history":[{"count":5,"href":"https:\/\/miurltemporal.com/main/triatletasenred.sport.es\/wp-json\/wp\/v2\/posts\/83548\/revisions"}],"predecessor-version":[{"id":83580,"href":"https:\/\/miurltemporal.com/main/triatletasenred.sport.es\/wp-json\/wp\/v2\/posts\/83548\/revisions\/83580"}],"wp:featuredmedia":[{"embeddable":true,"href":"https:\/\/miurltemporal.com/main/triatletasenred.sport.es\/wp-json\/wp\/v2\/media\/83549"}],"wp:attachment":[{"href":"https:\/\/miurltemporal.com/main/triatletasenred.sport.es\/wp-json\/wp\/v2\/media?parent=83548"}],"wp:term":[{"taxonomy":"category","embeddable":true,"href":"https:\/\/miurltemporal.com/main/triatletasenred.sport.es\/wp-json\/wp\/v2\/categories?post=83548"},{"taxonomy":"post_tag","embeddable":true,"href":"https:\/\/miurltemporal.com/main/triatletasenred.sport.es\/wp-json\/wp\/v2\/tags?post=83548"}],"curies":[{"name":"wp","href":"https:\/\/api.w.org\/{rel}","templated":true}]}}