{"id":83520,"date":"2023-06-14T17:18:17","date_gmt":"2023-06-14T15:18:17","guid":{"rendered":"https:\/\/miurltemporal.com/main/triatletasenred.sport.es\/?p=83520"},"modified":"2023-06-14T22:00:05","modified_gmt":"2023-06-14T20:00:05","slug":"el-atipico-tapering-de-estas-bestias","status":"publish","type":"post","link":"https:\/\/miurltemporal.com/main/triatletasenred.sport.es\/actualidad\/el-atipico-tapering-de-estas-bestias\/","title":{"rendered":"\u201cNo lo hagan en sus casas\u201d El at\u00edpico tapering de estas bestias"},"content":{"rendered":"<h3 style=\"font-weight: 400\">Aqu\u00ed va la puesta a punto que hacen algunos de nuestros triatletas nacionales y que tan buenos resultados les dan<\/h3>\n<p><\/a><\/p>\n<h3 style=\"font-weight: 400\">INTRODUCCI\u00d3N<\/h3>\n<p style=\"font-weight: 400\">Cuando se habla de <em>Tapering <\/em>o cu\u00e1l es la puesta a punto que hay que hacer los d\u00edas previos a una competici\u00f3n, se dice que \u00e9sta debe ser muy individual ya que no a todo el mundo le funciona lo mismo.<\/p>\n<p style=\"font-weight: 400\">Est\u00e1 claro que esos d\u00edas previos es necesario <strong>bajar el volumen de entrenamiento y ser mucho m\u00e1s cuidadosos si cabe con la alimentaci\u00f3n, hidrataci\u00f3n y el descanso<\/strong>, pero como venimos diciendo, no todo el mundo lleva una estrategia similar en cuanto al tapering y desde <em>Triatletas en red<\/em> vamos a ver algunos ejemplos que ilustran como cada deportista hace la puesta a punto que cree que m\u00e1s le conviene o m\u00e1s le gusta.<\/p>\n<h3 style=\"font-weight: 400\">PELLO OSORO<\/h3>\n<p style=\"font-weight: 400\">Para uno de los triatletas que m\u00e1s nos gusta la competici\u00f3n es su fuente de energ\u00eda. S\u00ed para el resto de los mortales el terminar un Ironman o un 70.3 significa 1 semana de reposo absoluto, para Pello el competir significa llenar su dep\u00f3sito de gasolina para el pr\u00f3ximo finde semana repetir.<\/p>\n<p style=\"font-weight: 400\">Competir en un Ironman tiene mucho m\u00e9rito, realizar dos triatlones en dos findes de semana seguidos est\u00e1 al alcance de muy pocos, pero luchar por ganar 7 triatlones de MD y LD en 9 semanas est\u00e1 \u00fanicamente a la altura de Pello.<\/p>\n<ol>\n<li>16 de abril <strong>1\u00ba puesto en el Half Triatl\u00f3n Sevilla<\/strong><\/li>\n<li>23 de abril <strong>7\u00ba puesto en el Half Pe\u00f1\u00edscola<\/strong><\/li>\n<li>7 de mayo <strong>15\u00ba puesto en el Campeonato del Mundo de Triatl\u00f3n de Larga Distancia Ibiza<\/strong><\/li>\n<li>13 de mayo <strong>6\u00ba puesto en el Campeonato de Espa\u00f1a de Triatl\u00f3n de Larga Distancia<\/strong><\/li>\n<li>3 de junio <strong>1\u00ba puesto en VI Half Gasteiz<\/strong><\/li>\n<li>10 de junio <strong>3\u00ba puesto en Zarauzko Triatloia<\/strong><\/li>\n<li>17 de junio Campeonato de Espa\u00f1a de Triatl\u00f3n de MD en Salamanca<\/li>\n<\/ol>\n<h3 style=\"font-weight: 400\">GONZALO FUENTES<\/h3>\n<p style=\"font-weight: 400\">Otro de los mejores triatletas de nuestro pa\u00eds y posiblemente el que mejor carrera a pie tiene del circuito parece que no pierde gasolina cuando recorre los circuitos en las competiciones. Otro que le gustan los tapering de su amigo y compa\u00f1ero del Pe\u00f1ota, Pello Osoro, es capaz de competir en uno de los Ironman m\u00e1s duros del pa\u00eds y a las 3 semanas estar realizando 2 triatlones de Media Distancia y 1 Campeonato de Guipuzcoa de contrareloj en apenas 7 d\u00edas.<\/p>\n<ol>\n<li>21 de mayo <strong>7\u00ba en Ironman Lanzarote<\/strong><\/li>\n<li>10 de junio <strong>4\u00ba puesto en Zarauzko Triatloia<\/strong><\/li>\n<li>13 de junio <strong>1\u00ba puesto en el Campeonato de Guipuzcoa de contrareloj<\/strong><\/li>\n<li>17 de junio Campeonato de Espa\u00f1a de Triatl\u00f3n de MD en Salamanca<\/li>\n<\/ol>\n<h3 style=\"font-weight: 400\">ENEKO LLANOS<\/h3>\n<p style=\"font-weight: 400\">El Kaiser se retira con 46 a\u00f1os estando en un estado de forma que le permite luchar con lo mejor del panorama nacional. Otro que es capaz de afrontar 4 triatlones, uno de ellos de larga distancia, en apenas 8 semanas y subirse al p\u00f3dium en 2 de ellos. Vamos, que si se retira es porque le apetece y no porque est\u00e9 perdiendo mucha gasolina.<\/p>\n<ol>\n<li>7 de mayo <strong>21\u00aa puesto en el Campeonato del Mundo de Triatl\u00f3n de Larga Distancia en Ibiza<\/strong><\/li>\n<li>21 de mayo <strong>2\u00ba puesto en el Half Triathlon Pamplona<\/strong><\/li>\n<li>3 de junio <strong>2\u00ba puesto en el VI Half Gasteiz<\/strong><\/li>\n<li>10 de junio <strong>5\u00ba puesto en el Zarauzko Triatloia<\/strong><\/li>\n<\/ol>\n<h3 style=\"font-weight: 400\">JULEN D\u00cdEZ<\/h3>\n<p style=\"font-weight: 400\">El de Galdakao parece que se est\u00e1 aficionando a eso de descansar compitiendo y se est\u00e1 apuntando otro gran tapering en estas \u00faltimas semanas. 4 triatlones en 4 findes de semana seguidos es lo que el bueno de Julen D\u00edez est\u00e1 afrontando antes de lo que nos imaginamos ser\u00e1n unas vacaciones merecidas<\/p>\n<ol>\n<li>21 de mayo <strong>7\u00ba puesto en Half Triathlon Pamplona<\/strong><\/li>\n<li>3 de junio <strong>7\u00ba puesto en VI Half Gasteiz<\/strong><\/li>\n<li>10 de junio <strong>9\u00ba puesto en Zarauzko Triatloia<\/strong><\/li>\n<li>17 de junio Campeonato de Espa\u00f1a de Triatl\u00f3n de MD en Salamanca<\/li>\n<\/ol>\n<p>CRISTINA DE LA TORRE<\/p>\n<p>La corredora del CEC ANTELLA &#8211; FRUTOS TONO &#8211; ALEJANDRO SANZ tambi\u00e9n es otra triatleta que le gusta los tapering exigentes y en apenas 4 semanas ha realizado 3 triatlones de MD y en todas Top 5, casi nada.<\/p>\n<ol>\n<li>21 de mayo <strong>3\u00ba puesto en Half Triathlon Pamplona<\/strong><\/li>\n<li>3 de junio <strong>3\u00ba puesto en VI Half Gasteiz<\/strong><\/li>\n<li>10 de junio <strong>4\u00ba puesto en Zarauzko Triatloia<\/strong><\/li>\n<\/ol>\n<div class=\"youtube-embed\" data-video_id=\"wDeOSjlMKr4\"><iframe title=\"Triatl\u00f3n En Vena #223 | Previa Campeonato de Espa\u00f1a MD Salamanca\" width=\"696\" height=\"392\" src=\"https:\/\/www.youtube.com\/embed\/wDeOSjlMKr4?feature=oembed&#038;enablejsapi=1\" frameborder=\"0\" allow=\"accelerometer; autoplay; clipboard-write; encrypted-media; gyroscope; picture-in-picture; web-share\" allowfullscreen><\/iframe><\/div>\n","protected":false},"excerpt":{"rendered":"<p>Aqu\u00ed va la puesta a punto que hacen algunos de nuestros triatletas nacionales y que tan buenos resultados les dan INTRODUCCI\u00d3N Cuando se habla de Tapering o cu\u00e1l es la puesta a punto que hay que hacer los d\u00edas previos a una competici\u00f3n, se dice que \u00e9sta debe ser muy individual ya que no a [&hellip;]<\/p>\n","protected":false},"author":325,"featured_media":80421,"comment_status":"closed","ping_status":"closed","sticky":false,"template":"","format":"standard","meta":{"_acf_changed":false,"rank_math_lock_modified_date":false,"footnotes":""},"categories":[17],"tags":[597,8764,10208,6039,10211,10210,10212,10209],"class_list":{"0":"post-83520","1":"post","2":"type-post","3":"status-publish","4":"format-standard","5":"has-post-thumbnail","7":"category-actualidad","8":"tag-eneko-llanos","9":"tag-gonzalo-fuentes","10":"tag-julen-diez","11":"tag-pello-osoro","12":"tag-tapering-enero-llanos","13":"tag-tapering-gonzalo-fuentes","14":"tag-tapering-julen-diez","15":"tag-tapering-pello-osoro"},"acf":[],"_links":{"self":[{"href":"https:\/\/miurltemporal.com/main/triatletasenred.sport.es\/wp-json\/wp\/v2\/posts\/83520"}],"collection":[{"href":"https:\/\/miurltemporal.com/main/triatletasenred.sport.es\/wp-json\/wp\/v2\/posts"}],"about":[{"href":"https:\/\/miurltemporal.com/main/triatletasenred.sport.es\/wp-json\/wp\/v2\/types\/post"}],"author":[{"embeddable":true,"href":"https:\/\/miurltemporal.com/main/triatletasenred.sport.es\/wp-json\/wp\/v2\/users\/325"}],"replies":[{"embeddable":true,"href":"https:\/\/miurltemporal.com/main/triatletasenred.sport.es\/wp-json\/wp\/v2\/comments?post=83520"}],"version-history":[{"count":6,"href":"https:\/\/miurltemporal.com/main/triatletasenred.sport.es\/wp-json\/wp\/v2\/posts\/83520\/revisions"}],"predecessor-version":[{"id":83529,"href":"https:\/\/miurltemporal.com/main/triatletasenred.sport.es\/wp-json\/wp\/v2\/posts\/83520\/revisions\/83529"}],"wp:featuredmedia":[{"embeddable":true,"href":"https:\/\/miurltemporal.com/main/triatletasenred.sport.es\/wp-json\/wp\/v2\/media\/80421"}],"wp:attachment":[{"href":"https:\/\/miurltemporal.com/main/triatletasenred.sport.es\/wp-json\/wp\/v2\/media?parent=83520"}],"wp:term":[{"taxonomy":"category","embeddable":true,"href":"https:\/\/miurltemporal.com/main/triatletasenred.sport.es\/wp-json\/wp\/v2\/categories?post=83520"},{"taxonomy":"post_tag","embeddable":true,"href":"https:\/\/miurltemporal.com/main/triatletasenred.sport.es\/wp-json\/wp\/v2\/tags?post=83520"}],"curies":[{"name":"wp","href":"https:\/\/api.w.org\/{rel}","templated":true}]}}