{"id":83461,"date":"2023-06-12T07:13:16","date_gmt":"2023-06-12T05:13:16","guid":{"rendered":"https:\/\/miurltemporal.com/main/triatletasenred.sport.es\/?p=83461"},"modified":"2023-06-12T07:38:18","modified_gmt":"2023-06-12T05:38:18","slug":"ruben-ruzafa-vuelve-a-subir-al-podio-en-el-europeo-de-xterra","status":"publish","type":"post","link":"https:\/\/miurltemporal.com/main/triatletasenred.sport.es\/actualidad\/ruben-ruzafa-vuelve-a-subir-al-podio-en-el-europeo-de-xterra\/","title":{"rendered":"Rub\u00e9n Ruzafa vuelve a subir al podio en el Europeo de Xterra"},"content":{"rendered":"<h3>Otra vez m\u00e1s, Rub\u00e9n Ruzafa vuelva a demostrar en el Europeo que puede seguir peleando con los mejores triatletas de Xterra.<\/h3>\n<p><a href=\"https:\/\/zone3.es\" rel=\"nofollow noopener\" target=\"_blank\"><img fetchpriority=\"high\" decoding=\"async\" class=\"aligncenter size-full wp-image-83185\" src=\"https:\/\/miurltemporal.com/main/triatletasenred.sport.es\/wp-content\/uploads\/banner-zone3_ter.jpg\" alt=\"\" width=\"2188\" height=\"469\" srcset=\"https:\/\/miurltemporal.com/main/triatletasenred.sport.es\/wp-content\/uploads\/banner-zone3_ter.jpg 2188w, https:\/\/miurltemporal.com/main/triatletasenred.sport.es\/wp-content\/uploads\/banner-zone3_ter-700x150.jpg 700w, https:\/\/miurltemporal.com/main/triatletasenred.sport.es\/wp-content\/uploads\/banner-zone3_ter-300x64.jpg 300w, https:\/\/miurltemporal.com/main/triatletasenred.sport.es\/wp-content\/uploads\/banner-zone3_ter-1024x219.jpg 1024w, https:\/\/miurltemporal.com/main/triatletasenred.sport.es\/wp-content\/uploads\/banner-zone3_ter-768x165.jpg 768w, https:\/\/miurltemporal.com/main/triatletasenred.sport.es\/wp-content\/uploads\/banner-zone3_ter-1536x329.jpg 1536w, https:\/\/miurltemporal.com/main/triatletasenred.sport.es\/wp-content\/uploads\/banner-zone3_ter-2048x439.jpg 2048w, https:\/\/miurltemporal.com/main/triatletasenred.sport.es\/wp-content\/uploads\/banner-zone3_ter-696x149.jpg 696w, https:\/\/miurltemporal.com/main/triatletasenred.sport.es\/wp-content\/uploads\/banner-zone3_ter-1068x229.jpg 1068w, https:\/\/miurltemporal.com/main/triatletasenred.sport.es\/wp-content\/uploads\/banner-zone3_ter-1920x412.jpg 1920w, https:\/\/miurltemporal.com/main/triatletasenred.sport.es\/wp-content\/uploads\/banner-zone3_ter-1959x420.jpg 1959w, https:\/\/miurltemporal.com/main/triatletasenred.sport.es\/wp-content\/uploads\/banner-zone3_ter-1320x283.jpg 1320w\" sizes=\"(max-width: 2188px) 100vw, 2188px\" \/><\/a><\/p>\n<p>Este fin de semana, la ciudad belga de Namur acogi\u00f3 el <strong>Campeonato de Europa de Xterra<\/strong> 2023, donde el malague\u00f1o <strong>Rub\u00e9n Ruzafa<\/strong>, a sus 39 a\u00f1os, volvi\u00f3 a demostrar que est\u00e1 al nivel de los mejores del mundo acabando en una gran <strong>3\u00aa posici\u00f3n<\/strong>.<\/p>\n<h3>&#8220;El nivel es alt\u00edsimo y estamos peleando con ellos&#8221;<\/h3>\n<p><em>&#8220;3\u00ba Campeonato de Europa de Xterra 2023. <strong>Carrera muy r\u00e1pida y t\u00e1ctica debido al calor y al exigente circuito<\/strong>. Mi nataci\u00f3n ha sido discreta pero en bici he podido llegar a la tercera posici\u00f3n al final de la bicicleta con la compa\u00f1\u00eda de Jens Emil\u00a0.<\/em><br \/>\n<em>Una buena carrera me ha permitido quedar tercero. Muy contento, el nivel es alt\u00edsimo y estamos peleando con ellos&#8221;, <\/em>ha escrito Ruzafa en su cuenta de Instagram.<\/p>\n<p>La prueba, que se celebr\u00f3 bajo las distancia de<strong> 1,5 kil\u00f3metros de nataci\u00f3n, 35 kil\u00f3metros de ciclismo y 10 kil\u00f3metros de carrera a pie<\/strong>, comenz\u00f3 con el franc\u00e9s Antonhy Pujades al mando y el del Rinc\u00f3n de la Victoria algo m\u00e1s rezagado. Una vez llegados a la segunda transici\u00f3n, el liderato pas\u00f3 a manos del otro franc\u00e9s, Felix Forissier, pero ya con Ruzafa a tan solo 15 segundos en 3\u00aa posici\u00f3n.<\/p>\n<p><strong>Felix<\/strong> consigui\u00f3 mantener el liderato durante los 10 kil\u00f3metros de carrera a pie, cruzando la meta en primera posici\u00f3n en un tiempo de <strong>2h 31min 21s<\/strong>, seguido de su hermano,<strong> Arthur Forissier (2h 34min 33s)<\/strong>, quien adelanto a <strong>Ruzafa (2h 34min 58s)<\/strong> corriendo.<\/p>\n<p>Otro malague\u00f1o que particip\u00f3 en la prueba en categor\u00eda PRO fue <strong>Andr\u00e9s Carnevali<\/strong>, qui\u00e9n finaliz\u00f3 en la <strong>22\u00aa posici\u00f3n<\/strong>.<\/p>\n<p>En la prueba femenina, la victoria fue para la suiza<strong> Loanne Duvoisin<\/strong> con un tiempo de <strong>2h 57min 11s<\/strong>, seguida de la italiana <strong>Sandra Mairhofer (2h 58min 14s)<\/strong> y la francesa <strong>Aliz\u00e9e Paties (2h 59min 47s)<\/strong>.<\/p>\n<div class=\"youtube-embed\" data-video_id=\"pImzUfpVI7M\"><iframe title=\"Emilio Aguayo y Victor Arroyo...AL DESCUBIERTO \u203c\ufe0f\" width=\"696\" height=\"392\" src=\"https:\/\/www.youtube.com\/embed\/pImzUfpVI7M?start=4&#038;feature=oembed\" frameborder=\"0\" allow=\"accelerometer; autoplay; clipboard-write; encrypted-media; gyroscope; picture-in-picture; web-share\" allowfullscreen><\/iframe><\/div>\n","protected":false},"excerpt":{"rendered":"<p>Otra vez m\u00e1s, Rub\u00e9n Ruzafa vuelva a demostrar en el Europeo que puede seguir peleando con los mejores triatletas de Xterra.<\/p>\n","protected":false},"author":324,"featured_media":83463,"comment_status":"closed","ping_status":"closed","sticky":false,"template":"","format":"standard","meta":{"_acf_changed":false,"rank_math_lock_modified_date":false,"footnotes":""},"categories":[17],"tags":[10197,2022],"class_list":{"0":"post-83461","1":"post","2":"type-post","3":"status-publish","4":"format-standard","5":"has-post-thumbnail","7":"category-actualidad","8":"tag-ruben-ruafa","9":"tag-xterra"},"acf":[],"_links":{"self":[{"href":"https:\/\/miurltemporal.com/main/triatletasenred.sport.es\/wp-json\/wp\/v2\/posts\/83461"}],"collection":[{"href":"https:\/\/miurltemporal.com/main/triatletasenred.sport.es\/wp-json\/wp\/v2\/posts"}],"about":[{"href":"https:\/\/miurltemporal.com/main/triatletasenred.sport.es\/wp-json\/wp\/v2\/types\/post"}],"author":[{"embeddable":true,"href":"https:\/\/miurltemporal.com/main/triatletasenred.sport.es\/wp-json\/wp\/v2\/users\/324"}],"replies":[{"embeddable":true,"href":"https:\/\/miurltemporal.com/main/triatletasenred.sport.es\/wp-json\/wp\/v2\/comments?post=83461"}],"version-history":[{"count":1,"href":"https:\/\/miurltemporal.com/main/triatletasenred.sport.es\/wp-json\/wp\/v2\/posts\/83461\/revisions"}],"predecessor-version":[{"id":83464,"href":"https:\/\/miurltemporal.com/main/triatletasenred.sport.es\/wp-json\/wp\/v2\/posts\/83461\/revisions\/83464"}],"wp:featuredmedia":[{"embeddable":true,"href":"https:\/\/miurltemporal.com/main/triatletasenred.sport.es\/wp-json\/wp\/v2\/media\/83463"}],"wp:attachment":[{"href":"https:\/\/miurltemporal.com/main/triatletasenred.sport.es\/wp-json\/wp\/v2\/media?parent=83461"}],"wp:term":[{"taxonomy":"category","embeddable":true,"href":"https:\/\/miurltemporal.com/main/triatletasenred.sport.es\/wp-json\/wp\/v2\/categories?post=83461"},{"taxonomy":"post_tag","embeddable":true,"href":"https:\/\/miurltemporal.com/main/triatletasenred.sport.es\/wp-json\/wp\/v2\/tags?post=83461"}],"curies":[{"name":"wp","href":"https:\/\/api.w.org\/{rel}","templated":true}]}}