{"id":83459,"date":"2023-06-10T18:21:26","date_gmt":"2023-06-10T16:21:26","guid":{"rendered":"https:\/\/miurltemporal.com/main/triatletasenred.sport.es\/?p=83459"},"modified":"2023-06-10T19:45:56","modified_gmt":"2023-06-10T17:45:56","slug":"sebastian-kienle-y-sara-perez-vencen-en-zarautz","status":"publish","type":"post","link":"https:\/\/miurltemporal.com/main/triatletasenred.sport.es\/actualidad\/sebastian-kienle-y-sara-perez-vencen-en-zarautz\/","title":{"rendered":"Sebastian Kienle y Sara P\u00e9rez vencen en Zarautz"},"content":{"rendered":"<h3>El alem\u00e1n Sebastian Kienle y Sara P\u00e9rez han sido los ganadores de otra incre\u00edble edici\u00f3n del Triatl\u00f3n de Zarautz.<\/h3>\n<p><a href=\"https:\/\/zone3.es\" rel=\"nofollow noopener\" target=\"_blank\"><img fetchpriority=\"high\" decoding=\"async\" class=\"aligncenter size-full wp-image-83185\" src=\"https:\/\/miurltemporal.com/main/triatletasenred.sport.es\/wp-content\/uploads\/banner-zone3_ter.jpg\" alt=\"\" width=\"2188\" height=\"469\" srcset=\"https:\/\/miurltemporal.com/main/triatletasenred.sport.es\/wp-content\/uploads\/banner-zone3_ter.jpg 2188w, https:\/\/miurltemporal.com/main/triatletasenred.sport.es\/wp-content\/uploads\/banner-zone3_ter-700x150.jpg 700w, https:\/\/miurltemporal.com/main/triatletasenred.sport.es\/wp-content\/uploads\/banner-zone3_ter-300x64.jpg 300w, https:\/\/miurltemporal.com/main/triatletasenred.sport.es\/wp-content\/uploads\/banner-zone3_ter-1024x219.jpg 1024w, https:\/\/miurltemporal.com/main/triatletasenred.sport.es\/wp-content\/uploads\/banner-zone3_ter-768x165.jpg 768w, https:\/\/miurltemporal.com/main/triatletasenred.sport.es\/wp-content\/uploads\/banner-zone3_ter-1536x329.jpg 1536w, https:\/\/miurltemporal.com/main/triatletasenred.sport.es\/wp-content\/uploads\/banner-zone3_ter-2048x439.jpg 2048w, https:\/\/miurltemporal.com/main/triatletasenred.sport.es\/wp-content\/uploads\/banner-zone3_ter-696x149.jpg 696w, https:\/\/miurltemporal.com/main/triatletasenred.sport.es\/wp-content\/uploads\/banner-zone3_ter-1068x229.jpg 1068w, https:\/\/miurltemporal.com/main/triatletasenred.sport.es\/wp-content\/uploads\/banner-zone3_ter-1920x412.jpg 1920w, https:\/\/miurltemporal.com/main/triatletasenred.sport.es\/wp-content\/uploads\/banner-zone3_ter-1959x420.jpg 1959w, https:\/\/miurltemporal.com/main/triatletasenred.sport.es\/wp-content\/uploads\/banner-zone3_ter-1320x283.jpg 1320w\" sizes=\"(max-width: 2188px) 100vw, 2188px\" \/><\/a><\/p>\n<p>Como ya es tradici\u00f3n, otro a\u00f1o m\u00e1s las calles y carreteras de Zarautz se han inundado de p\u00fablico y triatletas, se han inundado de puro triatl\u00f3n. Esta edici\u00f3n ha sido especial, ya que ha sido la despedida de Eneko Llanos, quien al igual que esta prueba, es historia del triatl\u00f3n.<\/p>\n<p>En categor\u00eda masculina, Kevin Tarek y Guillem Rojas, han sido los encargados de marcar el ritmo en esta complicada nataci\u00f3n, con el primer grupo perseguidor a poco m\u00e1s de 2 minutos, donde se encontraba Eneko Llanos o Carlos Oliver. Como era de esperar, Sara P\u00e9rez ha liderado el sector de nataci\u00f3n en solitario, marcando el 11\u00ba mejor parcial de la general.<\/p>\n<p>Despu\u00e9s de haber salido algo m\u00e1s descolgado del agua, el alem\u00e1n Sebastian Kienle, junto a Pello Osoro, ha conseguido marcar el mejor parcial ciclista, y llegaban los dos juntos a la segunda transici\u00f3n, con Kevin Tarek tercero en esos momentos. En chicas, Sara P\u00e9rez ha continuado con su andadura en solitario durante la bici, aumentando su ventaja con Helene Alberdi, quien tambi\u00e9n hac\u00eda toda la bici en solitario y Anna Noguera.<\/p>\n<p>Durante la carrera a pie, Kienle no ha tenido rival y ha conseguido llevarse la victoria con casi 5 minutos de ventaja respecto a Kevin Tarek, quien le arrebataba la segunda plaza a Pello Osoro (3\u00ba) en los \u00faltimos kil\u00f3metros. A pesar de que Helene ha corrido muy r\u00e1pido, Sara P\u00e9rez ha conseguido mantener su liderato y llevarse la victoria en su debut, seguida de Helene Alberdi y Anna Noguera.<\/p>\n<p>&nbsp;<\/p>\n<p>https:\/\/www.youtube.com\/watch?v=aFADfyXD_qw&#038;t=14s<\/p>\n","protected":false},"excerpt":{"rendered":"<p>El alem\u00e1n Sebastian Kienle y Sara P\u00e9rez han sido los ganadores de otra incre\u00edble edici\u00f3n del Triatl\u00f3n de Zarautz. Como ya es tradici\u00f3n, otro a\u00f1o m\u00e1s las calles y carreteras de Zarautz se han inundado de p\u00fablico y triatletas, se han inundado de puro triatl\u00f3n. Esta edici\u00f3n ha sido especial, ya que ha sido la [&hellip;]<\/p>\n","protected":false},"author":324,"featured_media":81396,"comment_status":"closed","ping_status":"closed","sticky":false,"template":"","format":"standard","meta":{"_acf_changed":false,"rank_math_lock_modified_date":false,"footnotes":""},"categories":[17],"tags":[597,4882,2248,3368],"class_list":{"0":"post-83459","1":"post","2":"type-post","3":"status-publish","4":"format-standard","5":"has-post-thumbnail","7":"category-actualidad","8":"tag-eneko-llanos","9":"tag-sara-perez","10":"tag-sebastian-kienle","11":"tag-triatlon-zarautz"},"acf":[],"_links":{"self":[{"href":"https:\/\/miurltemporal.com/main/triatletasenred.sport.es\/wp-json\/wp\/v2\/posts\/83459"}],"collection":[{"href":"https:\/\/miurltemporal.com/main/triatletasenred.sport.es\/wp-json\/wp\/v2\/posts"}],"about":[{"href":"https:\/\/miurltemporal.com/main/triatletasenred.sport.es\/wp-json\/wp\/v2\/types\/post"}],"author":[{"embeddable":true,"href":"https:\/\/miurltemporal.com/main/triatletasenred.sport.es\/wp-json\/wp\/v2\/users\/324"}],"replies":[{"embeddable":true,"href":"https:\/\/miurltemporal.com/main/triatletasenred.sport.es\/wp-json\/wp\/v2\/comments?post=83459"}],"version-history":[{"count":1,"href":"https:\/\/miurltemporal.com/main/triatletasenred.sport.es\/wp-json\/wp\/v2\/posts\/83459\/revisions"}],"predecessor-version":[{"id":83460,"href":"https:\/\/miurltemporal.com/main/triatletasenred.sport.es\/wp-json\/wp\/v2\/posts\/83459\/revisions\/83460"}],"wp:featuredmedia":[{"embeddable":true,"href":"https:\/\/miurltemporal.com/main/triatletasenred.sport.es\/wp-json\/wp\/v2\/media\/81396"}],"wp:attachment":[{"href":"https:\/\/miurltemporal.com/main/triatletasenred.sport.es\/wp-json\/wp\/v2\/media?parent=83459"}],"wp:term":[{"taxonomy":"category","embeddable":true,"href":"https:\/\/miurltemporal.com/main/triatletasenred.sport.es\/wp-json\/wp\/v2\/categories?post=83459"},{"taxonomy":"post_tag","embeddable":true,"href":"https:\/\/miurltemporal.com/main/triatletasenred.sport.es\/wp-json\/wp\/v2\/tags?post=83459"}],"curies":[{"name":"wp","href":"https:\/\/api.w.org\/{rel}","templated":true}]}}