{"id":83405,"date":"2023-06-05T12:47:04","date_gmt":"2023-06-05T10:47:04","guid":{"rendered":"https:\/\/miurltemporal.com/main/triatletasenred.sport.es\/?p=83405"},"modified":"2023-06-05T18:34:59","modified_gmt":"2023-06-05T16:34:59","slug":"epicoretornodexterracostabrava","status":"publish","type":"post","link":"https:\/\/miurltemporal.com/main/triatletasenred.sport.es\/actualidad\/epicoretornodexterracostabrava\/","title":{"rendered":"\u00c9pico retorno de XTERRA Costa Brava con Joan W\u00e4ger y Eva Garcia como ganadores"},"content":{"rendered":"<h3><strong>La esperada vuelta del renombrado circuito internacional XTERRA de triatlones de monta\u00f1a a Espa\u00f1a ha tenido lugar este fin de semana en Calonge i Sant Antoni, tras una ausencia de 7 a\u00f1os.<\/strong><\/h3>\n<p><a href=\"https:\/\/nutrisport.es\/geles\/37-energy-gel-taurina.html?utm_source=Triatletas+en+red&amp;utm_medium=Banner+revista+digital&amp;utm_campaign=Revista%3A+Triatletas+en+red\" rel=\"nofollow noopener\" target=\"_blank\"><img fetchpriority=\"high\" decoding=\"async\" class=\"alignnone size-full wp-image-80108\" src=\"https:\/\/miurltemporal.com/main/triatletasenred.sport.es\/wp-content\/uploads\/banner-geles.gif\" alt=\"\" width=\"750\" height=\"100\" \/><\/a><\/p>\n<p>El escenario elegido, la impresionante Costa Brava y el entorno natural de este municipio, ha cautivado a los 260 deportistas llegados de todas partes del mundo que se han dado cita en XTERRA Costa Brava. Desde la playa de Torre Valentina, se iniciaron las pruebas , marcando el comienzo de una jornada llena de esfuerzo y \u00e9pica, caracter\u00edsticas emblem\u00e1ticas de esta exigente disciplina.<\/p>\n<p>La distancia sprint, celebrada por la ma\u00f1ana, planteaba un desaf\u00edo de 750 metros de nataci\u00f3n en aguas abiertas, seguidos por 15 kil\u00f3metros de Mountain Bike y 5 kil\u00f3metros de trail running. Abel Serra, en la categor\u00eda masculina, y la talentosa francesa Justine Virevialle se destacaron como los m\u00e1s r\u00e1pidos en cubrir los tres segmentos, asegurando su merecido lugar en lo m\u00e1s alto del podio.<\/p>\n<p>Por la tarde, le lleg\u00f3 el turno a los valientes triatletas que afrontaron la modalidad full, desafiando una carrera compuesta por 1,5 kil\u00f3metros de nataci\u00f3n, 30 kil\u00f3metros de ciclismo a trav\u00e9s de los senderos del entorno monta\u00f1oso de Sant Antoni de Calonge, y una carrera de 10 kil\u00f3metros por los desniveles del litoral. En esta prueba, Joan W\u00e4ger se destac\u00f3 con autoridad, dejando atr\u00e1s a sus rivales y asegurando la victoria. El franc\u00e9s Fran\u00e7ois Carloni le sigui\u00f3 de cerca, mientras que en la categor\u00eda femenina, Eva Garcia se alz\u00f3 como campeona, superando a la francesa Romane Cizeron.<\/p>\n<p>Los triatletas que lograron los mejores tiempos se hicieron con los codiciados 26 puestos en la clasificaci\u00f3n para el Campeonato del Mundo XTERRA 2023, que se celebrar\u00e1 en Italia en septiembre, donde los ganadores de cada categor\u00eda por grupos de edad se enfrentar\u00e1n en busca del t\u00edtulo supremo.<\/p>\n<div class=\"youtube-embed\" data-video_id=\"Wi87WVhc0Z8\"><iframe title=\"\u00bfC\u00f3mo le gusta competir a Lucy CHARLES-BARCLAY? \ud83d\ude0a ESPECIAL PTO IBIZA\" width=\"696\" height=\"392\" src=\"https:\/\/www.youtube.com\/embed\/Wi87WVhc0Z8?start=5&#038;feature=oembed\" frameborder=\"0\" allow=\"accelerometer; autoplay; clipboard-write; encrypted-media; gyroscope; picture-in-picture; web-share\" referrerpolicy=\"strict-origin-when-cross-origin\" allowfullscreen><\/iframe><\/div>\n","protected":false},"excerpt":{"rendered":"<p>La esperada vuelta del renombrado circuito internacional XTERRA de triatlones de monta\u00f1a a Espa\u00f1a ha tenido lugar este fin de semana en Calonge i Sant Antoni, tras una ausencia de 7 a\u00f1os.<\/p>\n","protected":false},"author":322,"featured_media":83406,"comment_status":"closed","ping_status":"closed","sticky":false,"template":"","format":"standard","meta":{"_acf_changed":false,"rank_math_lock_modified_date":false,"footnotes":""},"categories":[17],"tags":[],"class_list":{"0":"post-83405","1":"post","2":"type-post","3":"status-publish","4":"format-standard","5":"has-post-thumbnail","7":"category-actualidad"},"acf":[],"_links":{"self":[{"href":"https:\/\/miurltemporal.com/main/triatletasenred.sport.es\/wp-json\/wp\/v2\/posts\/83405"}],"collection":[{"href":"https:\/\/miurltemporal.com/main/triatletasenred.sport.es\/wp-json\/wp\/v2\/posts"}],"about":[{"href":"https:\/\/miurltemporal.com/main/triatletasenred.sport.es\/wp-json\/wp\/v2\/types\/post"}],"author":[{"embeddable":true,"href":"https:\/\/miurltemporal.com/main/triatletasenred.sport.es\/wp-json\/wp\/v2\/users\/322"}],"replies":[{"embeddable":true,"href":"https:\/\/miurltemporal.com/main/triatletasenred.sport.es\/wp-json\/wp\/v2\/comments?post=83405"}],"version-history":[{"count":1,"href":"https:\/\/miurltemporal.com/main/triatletasenred.sport.es\/wp-json\/wp\/v2\/posts\/83405\/revisions"}],"predecessor-version":[{"id":83407,"href":"https:\/\/miurltemporal.com/main/triatletasenred.sport.es\/wp-json\/wp\/v2\/posts\/83405\/revisions\/83407"}],"wp:featuredmedia":[{"embeddable":true,"href":"https:\/\/miurltemporal.com/main/triatletasenred.sport.es\/wp-json\/wp\/v2\/media\/83406"}],"wp:attachment":[{"href":"https:\/\/miurltemporal.com/main/triatletasenred.sport.es\/wp-json\/wp\/v2\/media?parent=83405"}],"wp:term":[{"taxonomy":"category","embeddable":true,"href":"https:\/\/miurltemporal.com/main/triatletasenred.sport.es\/wp-json\/wp\/v2\/categories?post=83405"},{"taxonomy":"post_tag","embeddable":true,"href":"https:\/\/miurltemporal.com/main/triatletasenred.sport.es\/wp-json\/wp\/v2\/tags?post=83405"}],"curies":[{"name":"wp","href":"https:\/\/api.w.org\/{rel}","templated":true}]}}