{"id":83390,"date":"2023-06-05T09:08:49","date_gmt":"2023-06-05T07:08:49","guid":{"rendered":"https:\/\/miurltemporal.com/main/triatletasenred.sport.es\/?p=83390"},"modified":"2023-06-07T17:27:37","modified_gmt":"2023-06-07T15:27:37","slug":"6medallasespanolaseneleuropeodetriatlon2023","status":"publish","type":"post","link":"https:\/\/miurltemporal.com/main/triatletasenred.sport.es\/actualidad\/6medallasespanolaseneleuropeodetriatlon2023\/","title":{"rendered":"6 Medallas espa\u00f1olas en el Campeonato de Europa de Paratriatl\u00f3n"},"content":{"rendered":"<h3><strong>Susana Rodr\u00edguez y su gu\u00eda Sara Loehr, Eva Moral, Marta Franc\u00e9s y Daniel Molina han sido Campeones de Europa, junto a Nil Riudavets que se ha colgado la plata y un bronce para Rakel Mateo.<\/strong><\/h3>\n<p><a href=\"https:\/\/zone3.es\" rel=\"nofollow noopener\" target=\"_blank\"><img fetchpriority=\"high\" decoding=\"async\" class=\"alignnone size-full wp-image-83185\" src=\"https:\/\/miurltemporal.com/main/triatletasenred.sport.es\/wp-content\/uploads\/banner-zone3_ter.jpg\" alt=\"\" width=\"2188\" height=\"469\" srcset=\"https:\/\/miurltemporal.com/main/triatletasenred.sport.es\/wp-content\/uploads\/banner-zone3_ter.jpg 2188w, https:\/\/miurltemporal.com/main/triatletasenred.sport.es\/wp-content\/uploads\/banner-zone3_ter-700x150.jpg 700w, https:\/\/miurltemporal.com/main/triatletasenred.sport.es\/wp-content\/uploads\/banner-zone3_ter-300x64.jpg 300w, https:\/\/miurltemporal.com/main/triatletasenred.sport.es\/wp-content\/uploads\/banner-zone3_ter-1024x219.jpg 1024w, https:\/\/miurltemporal.com/main/triatletasenred.sport.es\/wp-content\/uploads\/banner-zone3_ter-768x165.jpg 768w, https:\/\/miurltemporal.com/main/triatletasenred.sport.es\/wp-content\/uploads\/banner-zone3_ter-1536x329.jpg 1536w, https:\/\/miurltemporal.com/main/triatletasenred.sport.es\/wp-content\/uploads\/banner-zone3_ter-2048x439.jpg 2048w, https:\/\/miurltemporal.com/main/triatletasenred.sport.es\/wp-content\/uploads\/banner-zone3_ter-696x149.jpg 696w, https:\/\/miurltemporal.com/main/triatletasenred.sport.es\/wp-content\/uploads\/banner-zone3_ter-1068x229.jpg 1068w, https:\/\/miurltemporal.com/main/triatletasenred.sport.es\/wp-content\/uploads\/banner-zone3_ter-1920x412.jpg 1920w, https:\/\/miurltemporal.com/main/triatletasenred.sport.es\/wp-content\/uploads\/banner-zone3_ter-1959x420.jpg 1959w, https:\/\/miurltemporal.com/main/triatletasenred.sport.es\/wp-content\/uploads\/banner-zone3_ter-1320x283.jpg 1320w\" sizes=\"(max-width: 2188px) 100vw, 2188px\" \/><\/a><\/p>\n<p>Este s\u00e1bado 3 de junio se ha celebrado en Madrid el Campeonato de Europa de Paratriatl\u00f3n, una prueba que sufri\u00f3 un cambio significativo en su desarrollo debido a las condiciones del agua del Lago de la Casa de Campo, por lo que se tom\u00f3 la decisi\u00f3n de suspender la nataci\u00f3n, sustituy\u00e9ndose por 2,5 kil\u00f3metros de carrera a pie.<\/p>\n<p>La dupla espa\u00f1ola conformada por Susana Rodr\u00edguez y su gu\u00eda Sara Loerh, volvi\u00f3 a alcanzar la cima del podio continental en la categor\u00eda PTVI, reservada para deportistas ciegos o con discapacidad visual grave. Su tiempo de 1:02:49 las posicion\u00f3 por delante de la francesa Annou Curzillat y la italiana Francesca Tarantello.<\/p>\n<p>Dos t\u00edtulos continentales mas han sido para Daniel Molina en la clase PTS3 (deportistas con discapacidad f\u00edsica significativa), y Eva Moral, en la categor\u00eda PTWC para deportistas que utilizan silla de ruedas y handbike.<\/p>\n<p>Otra medalla de oro fue para Marta Franc\u00e9s en la categor\u00eda PTS4, destinada a deportistas con discapacidad f\u00edsica moderada. Franc\u00e9s cruz\u00f3 la meta en 1:15:16, lo que la val\u00eda para estar por delante de sus competidoras Eike van Engelen y Hannah Moore.<\/p>\n<p>Nil Riudavets, miembro del equipo CaixaBank de promesas paral\u00edmpicas de triatl\u00f3n, se colg\u00f3 la plata con 58 minutos mientras que Alejandro S\u00e1nchez Palomero ha conseguido la sexta posici\u00f3n con 1:01:40 en esa misma categor\u00eda.<\/p>\n<p>La \u00fanica medalla de bronce espa\u00f1ola se la llev\u00f3 Rakel Mateo, que complet\u00f3 el circuito en 1:39:01 dentro de la clase PTS2 para los triatletas con mayor afectaci\u00f3n que compiten a pie, en la que Lionel Morales fue cuarto.<\/p>\n<p>Los dem\u00e1s miembros de la selecci\u00f3n nacional tambi\u00e9n finalizaron cerca del podio. El almeriense Jairo Ruiz, en la PTS5 de discapacitados f\u00edsicos, ha sido cuarto, al igual que la pareja de PTVI de H\u00e9ctor Catal\u00e1 y Carlos Oliver. Andrea Migu\u00e9lez y Cristina Miranda han sido quinta y s\u00e9ptima respectivamente en la misma categor\u00eda femenina, mientras que Kini Carrasco en PTS3 ha conseguido ser quinto. En PTWC masculino Jos\u00e9 Cristobal finaliz\u00f3 en sexta posici\u00f3n. Finalmente, Jota Garc\u00eda y Adri\u00e1n Salto, PTVI B1 (categor\u00eda reservada a triatletas ciegas totales) han sido octavos, por delante del sevillano Rafa Cabello y Fernando Zorrilla, en su primera competici\u00f3n como gu\u00eda, d\u00e9cimos.<\/p>\n<p>https:\/\/www.youtube.com\/watch?v=tPAmCEQ-eCc&#038;t=12s<\/p>\n","protected":false},"excerpt":{"rendered":"<p>Susana Rodr\u00edguez y su gu\u00eda Sara Loehr, Eva Moral, Marta Franc\u00e9s y Daniel Molina han sido Campeones de Europa, junto a Nil Riudavets que se ha colgado la plata y un bronce para Rakel Mateo.<\/p>\n","protected":false},"author":322,"featured_media":83401,"comment_status":"closed","ping_status":"closed","sticky":false,"template":"","format":"standard","meta":{"_acf_changed":false,"rank_math_lock_modified_date":false,"footnotes":""},"categories":[17,19,1191],"tags":[],"class_list":{"0":"post-83390","1":"post","2":"type-post","3":"status-publish","4":"format-standard","5":"has-post-thumbnail","7":"category-actualidad","8":"category-competiciones","9":"category-triatlon"},"acf":[],"_links":{"self":[{"href":"https:\/\/miurltemporal.com/main/triatletasenred.sport.es\/wp-json\/wp\/v2\/posts\/83390"}],"collection":[{"href":"https:\/\/miurltemporal.com/main/triatletasenred.sport.es\/wp-json\/wp\/v2\/posts"}],"about":[{"href":"https:\/\/miurltemporal.com/main/triatletasenred.sport.es\/wp-json\/wp\/v2\/types\/post"}],"author":[{"embeddable":true,"href":"https:\/\/miurltemporal.com/main/triatletasenred.sport.es\/wp-json\/wp\/v2\/users\/322"}],"replies":[{"embeddable":true,"href":"https:\/\/miurltemporal.com/main/triatletasenred.sport.es\/wp-json\/wp\/v2\/comments?post=83390"}],"version-history":[{"count":1,"href":"https:\/\/miurltemporal.com/main/triatletasenred.sport.es\/wp-json\/wp\/v2\/posts\/83390\/revisions"}],"predecessor-version":[{"id":83391,"href":"https:\/\/miurltemporal.com/main/triatletasenred.sport.es\/wp-json\/wp\/v2\/posts\/83390\/revisions\/83391"}],"wp:featuredmedia":[{"embeddable":true,"href":"https:\/\/miurltemporal.com/main/triatletasenred.sport.es\/wp-json\/wp\/v2\/media\/83401"}],"wp:attachment":[{"href":"https:\/\/miurltemporal.com/main/triatletasenred.sport.es\/wp-json\/wp\/v2\/media?parent=83390"}],"wp:term":[{"taxonomy":"category","embeddable":true,"href":"https:\/\/miurltemporal.com/main/triatletasenred.sport.es\/wp-json\/wp\/v2\/categories?post=83390"},{"taxonomy":"post_tag","embeddable":true,"href":"https:\/\/miurltemporal.com/main/triatletasenred.sport.es\/wp-json\/wp\/v2\/tags?post=83390"}],"curies":[{"name":"wp","href":"https:\/\/api.w.org\/{rel}","templated":true}]}}