{"id":83183,"date":"2023-05-23T18:39:27","date_gmt":"2023-05-23T16:39:27","guid":{"rendered":"https:\/\/miurltemporal.com/main/triatletasenred.sport.es\/?p=83183"},"modified":"2023-05-23T19:12:57","modified_gmt":"2023-05-23T17:12:57","slug":"antonio-benito-formacion","status":"publish","type":"post","link":"https:\/\/miurltemporal.com/main/triatletasenred.sport.es\/actualidad\/antonio-benito-formacion\/","title":{"rendered":"Antonio Benito : &#8220;Nadie sabe la vida que llevo&#8221;"},"content":{"rendered":"<h3>El subcampe\u00f3n del mundo ha desvelado algo que solo su entorno sab\u00eda y que a muchos les sorprender\u00e1 conocer.<\/h3>\n<p><\/a><\/p>\n<p>Antonio Benito guardaba con cierto secretismo su actividad extra-deportiva que hemos respetado absolutamente como no puede ser de otro modo pero ya hace unos d\u00edas que se ha dado a conocer que el actual subcampe\u00f3n del mundo es actualmente un estudiante m\u00e1s <strong>en la academia de policia de \u00c1vila.\u00a0<\/strong><\/p>\n<p>La noticia en si no es la futura profesi\u00f3n de nuestro &#8220;mel\u00f3n&#8221; sino que en este escenario de estudio y habiendo pasado una dura oposici\u00f3n, Benito <strong>debe compaginar los entrenamientos \u00a0con las horas lectivas en el centro de formaci\u00f3n con los estudios de los ex\u00e1menes en un regimen en el que debe exprimir cada minuto libre.\u00a0<\/strong><\/p>\n<blockquote class=\"td_quote_box td_box_center\">\n<h4>&#8220;Soy un grupo de edad que compite contra los mejores del mundo, yo no soy un profesional del triatl\u00f3n , hago esto porque me gusta y tengo suerte que se me da bien&#8221;<\/h4>\n<\/blockquote>\n<p>As\u00ed declaraba su situaci\u00f3n Antonio Benito en una entrevista concedida en la meta del Mundial de Ibiza, algo que ya nos dijo en nuestra entrevista pero que decidimos pegar tijeretazo hasta que el protagonista quisiera hacerlo oficial e incluso ha sido el mismo perfil de la Policia Nacional quien ha tenido a bien felicitar a su aventajado pupilo.<\/p>\n<p>Una muestra m\u00e1s que el sacrificio y la pasi\u00f3n mueven monta\u00f1as y, unidos a la calidad, suben a los podios internacionales como es el caso del triatleta de Inverse.<\/p>\n<p><iframe title=\"Antonio Benito: Habla el SUBCAMPE\u00d3N del MUNDO \ud83d\udd25\" width=\"696\" height=\"392\" src=\"https:\/\/www.youtube.com\/embed\/XHxMM1lHn-k?feature=oembed\" frameborder=\"0\" allow=\"accelerometer; autoplay; clipboard-write; encrypted-media; gyroscope; picture-in-picture; web-share\" referrerpolicy=\"strict-origin-when-cross-origin\" allowfullscreen><\/iframe><\/p>\n","protected":false},"excerpt":{"rendered":"<p>El subcampe\u00f3n del mundo ha desvelado algo que solo su entorno sab\u00eda y que a muchos les sorprender\u00e1 conocer.<\/p>\n","protected":false},"author":2,"featured_media":82759,"comment_status":"closed","ping_status":"closed","sticky":false,"template":"","format":"standard","meta":{"_acf_changed":false,"rank_math_lock_modified_date":false,"footnotes":""},"categories":[17],"tags":[10171,10172],"class_list":{"0":"post-83183","1":"post","2":"type-post","3":"status-publish","4":"format-standard","5":"has-post-thumbnail","7":"category-actualidad","8":"tag-antonio-benito-profesion","9":"tag-antonko-benito-entrevista"},"acf":[],"_links":{"self":[{"href":"https:\/\/miurltemporal.com/main/triatletasenred.sport.es\/wp-json\/wp\/v2\/posts\/83183"}],"collection":[{"href":"https:\/\/miurltemporal.com/main/triatletasenred.sport.es\/wp-json\/wp\/v2\/posts"}],"about":[{"href":"https:\/\/miurltemporal.com/main/triatletasenred.sport.es\/wp-json\/wp\/v2\/types\/post"}],"author":[{"embeddable":true,"href":"https:\/\/miurltemporal.com/main/triatletasenred.sport.es\/wp-json\/wp\/v2\/users\/2"}],"replies":[{"embeddable":true,"href":"https:\/\/miurltemporal.com/main/triatletasenred.sport.es\/wp-json\/wp\/v2\/comments?post=83183"}],"version-history":[{"count":1,"href":"https:\/\/miurltemporal.com/main/triatletasenred.sport.es\/wp-json\/wp\/v2\/posts\/83183\/revisions"}],"predecessor-version":[{"id":83186,"href":"https:\/\/miurltemporal.com/main/triatletasenred.sport.es\/wp-json\/wp\/v2\/posts\/83183\/revisions\/83186"}],"wp:featuredmedia":[{"embeddable":true,"href":"https:\/\/miurltemporal.com/main/triatletasenred.sport.es\/wp-json\/wp\/v2\/media\/82759"}],"wp:attachment":[{"href":"https:\/\/miurltemporal.com/main/triatletasenred.sport.es\/wp-json\/wp\/v2\/media?parent=83183"}],"wp:term":[{"taxonomy":"category","embeddable":true,"href":"https:\/\/miurltemporal.com/main/triatletasenred.sport.es\/wp-json\/wp\/v2\/categories?post=83183"},{"taxonomy":"post_tag","embeddable":true,"href":"https:\/\/miurltemporal.com/main/triatletasenred.sport.es\/wp-json\/wp\/v2\/tags?post=83183"}],"curies":[{"name":"wp","href":"https:\/\/api.w.org\/{rel}","templated":true}]}}