{"id":83172,"date":"2023-05-23T10:13:03","date_gmt":"2023-05-23T08:13:03","guid":{"rendered":"https:\/\/miurltemporal.com/main/triatletasenred.sport.es\/?p=83172"},"modified":"2023-05-23T10:42:05","modified_gmt":"2023-05-23T08:42:05","slug":"roban-a-rudy-von-berg-mientras-entrenaba-en-girona","status":"publish","type":"post","link":"https:\/\/miurltemporal.com/main/triatletasenred.sport.es\/actualidad\/roban-a-rudy-von-berg-mientras-entrenaba-en-girona\/","title":{"rendered":"Roban a Rudy Von berg mientras entrenaba en Girona"},"content":{"rendered":"<h3>El triatleta profesional Rudy Von Berg ha manifestado su cabreo en redes sociales despu\u00e9s de que le robaran el medidor de lactato y otros objetos mientras entrenaba.<\/h3>\n<p><a href=\"https:\/\/www.canyon.com\/es-es\/road-bikes\/triathlon-bikes\/speedmax\/cf\/?utm_medium=special-interest-online&amp;utm_source=triatletasenred&amp;utm_campaign=c0620-bike_push_speedmaxcf\" rel=\"nofollow noopener\" target=\"_blank\"><img fetchpriority=\"high\" decoding=\"async\" class=\"aligncenter size-full wp-image-78469\" src=\"https:\/\/miurltemporal.com/main/triatletasenred.sport.es\/wp-content\/uploads\/Banner_canyon_ES_700x150px.gif\" alt=\"\" width=\"700\" height=\"150\" \/><\/a><\/p>\n<p>Tras comenzar la temporada por todo lo alto en IRONMAN Texas, donde se llev\u00f3 la victoria pr\u00e1cticamente al sprint, y posteriormente viajar hasta Europa para participar en el PTO European Open que tuvo lugar en Ibiza -acab\u00f3 en la 22\u00aa posici\u00f3n-, Rudy Von Berg ha decidido continuar un par de semanas entrenando y descubriendo Espa\u00f1a antes de sus pr\u00f3ximos objetivos, aunque esto le ha acarreado alg\u00fan disgusto.<\/p>\n<p>&#8220;Muy enfadado despu\u00e9s de que un gilipollas me robara todas mis cosas: medidor de lactato, camiseta, cintur\u00f3n con bidones y las llaves del apartamento&#8221;, as\u00ed es como titul\u00f3 su rodaje largo de ayer en Strava el triatleta profesional estadounidense.<\/p>\n<p>Al parecer, alguien rob\u00f3 todo el material que se hab\u00eda llevado para realizar la primera sesi\u00f3n de entrenamientos de esta semana. Poco m\u00e1s de 21 kil\u00f3metros en los que no se pudo medir el lactato ni hidratarse como le hubiera gustado despu\u00e9s de que le desapareciera la bolsa con todo lo que se hab\u00eda llevado.<\/p>\n<p>Todo ocurri\u00f3 en Girona, donde Von Berg se encuentra de concentrado de cara a las pr\u00f3ximas competiciones -seguramente IM Niza seg\u00fan declaraciones suyas- y, a pesar de que estuvo pasando por el punto donde dej\u00f3 la mochila con todo el material robado cada 7 minutos, no fue suficiente para evitar que se lo llevaran.<\/p>\n<p>https:\/\/www.youtube.com\/watch?v=nZiWXwvuiiQ&#038;t=323s<\/p>\n","protected":false},"excerpt":{"rendered":"<p>El triatleta profesional Rudy Von Berg ha manifestado su cabreo en redes sociales despu\u00e9s de que le robaran el medidor de lactato y otros objetos mientras entrenaba.<\/p>\n","protected":false},"author":324,"featured_media":83173,"comment_status":"closed","ping_status":"closed","sticky":false,"template":"","format":"standard","meta":{"_acf_changed":false,"rank_math_lock_modified_date":false,"footnotes":""},"categories":[17],"tags":[10169,10168,8126],"class_list":{"0":"post-83172","1":"post","2":"type-post","3":"status-publish","4":"format-standard","5":"has-post-thumbnail","7":"category-actualidad","8":"tag-medidor-lactato","9":"tag-robo-girona","10":"tag-rudy-von-berg"},"acf":[],"_links":{"self":[{"href":"https:\/\/miurltemporal.com/main/triatletasenred.sport.es\/wp-json\/wp\/v2\/posts\/83172"}],"collection":[{"href":"https:\/\/miurltemporal.com/main/triatletasenred.sport.es\/wp-json\/wp\/v2\/posts"}],"about":[{"href":"https:\/\/miurltemporal.com/main/triatletasenred.sport.es\/wp-json\/wp\/v2\/types\/post"}],"author":[{"embeddable":true,"href":"https:\/\/miurltemporal.com/main/triatletasenred.sport.es\/wp-json\/wp\/v2\/users\/324"}],"replies":[{"embeddable":true,"href":"https:\/\/miurltemporal.com/main/triatletasenred.sport.es\/wp-json\/wp\/v2\/comments?post=83172"}],"version-history":[{"count":1,"href":"https:\/\/miurltemporal.com/main/triatletasenred.sport.es\/wp-json\/wp\/v2\/posts\/83172\/revisions"}],"predecessor-version":[{"id":83174,"href":"https:\/\/miurltemporal.com/main/triatletasenred.sport.es\/wp-json\/wp\/v2\/posts\/83172\/revisions\/83174"}],"wp:featuredmedia":[{"embeddable":true,"href":"https:\/\/miurltemporal.com/main/triatletasenred.sport.es\/wp-json\/wp\/v2\/media\/83173"}],"wp:attachment":[{"href":"https:\/\/miurltemporal.com/main/triatletasenred.sport.es\/wp-json\/wp\/v2\/media?parent=83172"}],"wp:term":[{"taxonomy":"category","embeddable":true,"href":"https:\/\/miurltemporal.com/main/triatletasenred.sport.es\/wp-json\/wp\/v2\/categories?post=83172"},{"taxonomy":"post_tag","embeddable":true,"href":"https:\/\/miurltemporal.com/main/triatletasenred.sport.es\/wp-json\/wp\/v2\/tags?post=83172"}],"curies":[{"name":"wp","href":"https:\/\/api.w.org\/{rel}","templated":true}]}}