{"id":83041,"date":"2023-05-10T18:37:43","date_gmt":"2023-05-10T16:37:43","guid":{"rendered":"https:\/\/miurltemporal.com/main/triatletasenred.sport.es\/?p=83041"},"modified":"2023-05-11T16:36:24","modified_gmt":"2023-05-11T14:36:24","slug":"tradeinn-140-6inn-2023-favoritos-y-como-verlo-en-directo","status":"publish","type":"post","link":"https:\/\/miurltemporal.com/main/triatletasenred.sport.es\/actualidad\/tradeinn-140-6inn-2023-favoritos-y-como-verlo-en-directo\/","title":{"rendered":"Tradeinn 140.6INN 2023: favoritos y c\u00f3mo verlo en directo"},"content":{"rendered":"<h3>Quedan menos de 48h para que se celebre la tercera edici\u00f3n del Tradeinn 140.6INN Triathlon, en esta ocasi\u00f3n, en compa\u00f1\u00eda de varias pruebas nuevas: un triatl\u00f3n distancia half y dos pruebas gravel.<\/h3>\n<p><a href=\"https:\/\/www.canyon.com\/es-es\/road-bikes\/triathlon-bikes\/speedmax\/cf\/?utm_medium=special-interest-online&amp;utm_source=triatletasenred&amp;utm_campaign=c0620-bike_push_speedmaxcf\" rel=\"nofollow noopener\" target=\"_blank\"><img fetchpriority=\"high\" decoding=\"async\" class=\"aligncenter size-full wp-image-78469\" src=\"https:\/\/miurltemporal.com/main/triatletasenred.sport.es\/wp-content\/uploads\/Banner_canyon_ES_700x150px.gif\" alt=\"\" width=\"700\" height=\"150\" \/><\/a><\/p>\n<p>Menos de 48h para que lleguen a Platja d&#8217;Aro m\u00e1s de 1400 triatletas a disputar uno de los 4 triatlones que tendr\u00e1 lugar este fin de semana. Entre ellos, el primero en celebrarse, ser\u00e1 el <strong>140.6INN<\/strong>, prueba reina del evento y que a su vez ser\u00e1 Campeonato de Espa\u00f1a de Triatl\u00f3n LD.<\/p>\n<h3>Favoritos Campeonato de Espa\u00f1a Triatl\u00f3n LD<\/h3>\n<p>En categor\u00eda femenina, a pesar de solo haber 6 inscritas que disputar\u00e1n el Campeonato de Espa\u00f1a, el podio est\u00e1 muy abierto y podemos ver a cualquiera de ellas subida en \u00e9l:<strong> Luc\u00eda Blanco, Patricia Bueno, Helena Herrero, Ana Mart\u00ednez, Alba Reguillo y Sonia Tomegros<\/strong>.<\/p>\n<p><strong>V\u00edctor Arroyo<\/strong>, campe\u00f3n de Espa\u00f1a en las 2 ocasiones en las que se ha celebrado la prueba, a pesar de que viene de participar en el Campeonato del Mundo de Triatl\u00f3n LD, es uno de los principales favoritos. Otro asiduo en el podio de esta prueba, y con grandes opciones de hacerlo muy bien, es <strong>Roger Many\u00e0<\/strong>. <strong>Pello Osoro<\/strong>, que tambi\u00e9n viene del Mundial de LD donde acab\u00f3 en el Top15 o <strong>Emilio Aguayo<\/strong>, ser\u00edan otros de los m\u00e1ximos favoritos.<\/p>\n<p><strong>Nacho Villarruel<\/strong>,<strong> Guillem Rojas<\/strong>,<strong> Erik Merino <\/strong>o<strong> Joan Nadal<\/strong> ser\u00edan otros posibles aspirantes al podio y que seguro que vemos en puestos cabeceros durante toda la carrera. Pod\u00e9is consultar la start list completa <a href=\"file:\/\/\/C:\/Users\/Josep\/Downloads\/Inscritos22%20(1).pdf\"><strong>aqu\u00ed<\/strong><\/a>.<\/p>\n<p>Al igual que ya ocurri\u00f3 el fin de semana pasado en Ibiza, la prueba contar\u00e1 con el sistema anti drafting <strong>RaceRanger<\/strong> -\u00fanicamente en la categor\u00eda Elite deL LD-, lo que ayudar\u00e1 a que la carrera sea aun m\u00e1s justa.<\/p>\n<h3>C\u00f3mo y cu\u00e1ndo verlo en directo<\/h3>\n<p>Los que no est\u00e9n en Platja d&#8217;Aro, podr\u00e1n ver la prueba en directo desde las <strong>07:00 am<\/strong> de este s\u00e1bado 13 de mayo en el canal de YouTube de <a href=\"https:\/\/www.youtube.com\/watch?v=iPd_K2tRUBo\" rel=\"nofollow noopener\" target=\"_blank\"><strong>Tradeinn LAB<\/strong><\/a>.<\/p>\n<p>&nbsp;<\/p>\n<div class=\"youtube-embed\" data-video_id=\"x_DsvxA0sUY\"><iframe title=\"Triatl\u00f3n En Vena #216 |  Especial  TRADEINN 140.6 INN \ud83d\udd25\" width=\"696\" height=\"392\" src=\"https:\/\/www.youtube.com\/embed\/x_DsvxA0sUY?feature=oembed&#038;enablejsapi=1\" frameborder=\"0\" allow=\"accelerometer; autoplay; clipboard-write; encrypted-media; gyroscope; picture-in-picture; web-share\" referrerpolicy=\"strict-origin-when-cross-origin\" allowfullscreen><\/iframe><\/div>\n","protected":false},"excerpt":{"rendered":"<p>Quedan menos de 48h para que se celebre la tercera edici\u00f3n del Tradeinn 140.6INN Triathlon, en esta ocasi\u00f3n, en compa\u00f1\u00eda de varias pruebas nuevas: un triatl\u00f3n distancia half y dos pruebas gravel. Menos de 48h para que lleguen a Platja d&#8217;Aro m\u00e1s de 1400 triatletas a disputar uno de los 4 triatlones que tendr\u00e1 lugar [&hellip;]<\/p>\n","protected":false},"author":324,"featured_media":83043,"comment_status":"closed","ping_status":"closed","sticky":false,"template":"","format":"standard","meta":{"_acf_changed":false,"rank_math_lock_modified_date":false,"footnotes":""},"categories":[17],"tags":[10148,8276],"class_list":{"0":"post-83041","1":"post","2":"type-post","3":"status-publish","4":"format-standard","5":"has-post-thumbnail","8":"tag-campeonato-de-espana-triatlon-ld","9":"tag-tradeinn-140-6inn"},"acf":[],"_links":{"self":[{"href":"https:\/\/miurltemporal.com/main/triatletasenred.sport.es\/wp-json\/wp\/v2\/posts\/83041"}],"collection":[{"href":"https:\/\/miurltemporal.com/main/triatletasenred.sport.es\/wp-json\/wp\/v2\/posts"}],"about":[{"href":"https:\/\/miurltemporal.com/main/triatletasenred.sport.es\/wp-json\/wp\/v2\/types\/post"}],"author":[{"embeddable":true,"href":"https:\/\/miurltemporal.com/main/triatletasenred.sport.es\/wp-json\/wp\/v2\/users\/324"}],"replies":[{"embeddable":true,"href":"https:\/\/miurltemporal.com/main/triatletasenred.sport.es\/wp-json\/wp\/v2\/comments?post=83041"}],"version-history":[{"count":5,"href":"https:\/\/miurltemporal.com/main/triatletasenred.sport.es\/wp-json\/wp\/v2\/posts\/83041\/revisions"}],"predecessor-version":[{"id":83049,"href":"https:\/\/miurltemporal.com/main/triatletasenred.sport.es\/wp-json\/wp\/v2\/posts\/83041\/revisions\/83049"}],"wp:featuredmedia":[{"embeddable":true,"href":"https:\/\/miurltemporal.com/main/triatletasenred.sport.es\/wp-json\/wp\/v2\/media\/83043"}],"wp:attachment":[{"href":"https:\/\/miurltemporal.com/main/triatletasenred.sport.es\/wp-json\/wp\/v2\/media?parent=83041"}],"wp:term":[{"taxonomy":"category","embeddable":true,"href":"https:\/\/miurltemporal.com/main/triatletasenred.sport.es\/wp-json\/wp\/v2\/categories?post=83041"},{"taxonomy":"post_tag","embeddable":true,"href":"https:\/\/miurltemporal.com/main/triatletasenred.sport.es\/wp-json\/wp\/v2\/tags?post=83041"}],"curies":[{"name":"wp","href":"https:\/\/api.w.org\/{rel}","templated":true}]}}