{"id":83036,"date":"2023-05-10T18:00:45","date_gmt":"2023-05-10T16:00:45","guid":{"rendered":"https:\/\/miurltemporal.com/main/triatletasenred.sport.es\/?p=83036"},"modified":"2023-05-10T18:46:32","modified_gmt":"2023-05-10T16:46:32","slug":"platja-daro-se-prepara-para-recibir-a-mas-de-1400-triatletas","status":"publish","type":"post","link":"https:\/\/miurltemporal.com/main/triatletasenred.sport.es\/actualidad\/platja-daro-se-prepara-para-recibir-a-mas-de-1400-triatletas\/","title":{"rendered":"Platja d&#8217;Aro se prepara para recibir a m\u00e1s de 1400 triatletas"},"content":{"rendered":"<h3>Concejales, alcaldes, delegados y el CEO\/ fundador de Tradeinn, David Mart\u00edn, presentaron en Girona un fin de semana repleto de competiciones en Platja d&#8217;Aro.<\/h3>\n<p><a href=\"https:\/\/www.canyon.com\/es-es\/road-bikes\/triathlon-bikes\/speedmax\/cf\/?utm_medium=special-interest-online&amp;utm_source=triatletasenred&amp;utm_campaign=c0620-bike_push_speedmaxcf\" rel=\"nofollow noopener\" target=\"_blank\"><img fetchpriority=\"high\" decoding=\"async\" class=\"aligncenter size-full wp-image-78469\" src=\"https:\/\/miurltemporal.com/main/triatletasenred.sport.es\/wp-content\/uploads\/Banner_canyon_ES_700x150px.gif\" alt=\"\" width=\"700\" height=\"150\" \/><\/a><\/p>\n<p>Platja D\u2019Aro y el 140.6INN International Triathlon supondr\u00e1n un punto de inflexi\u00f3n en la celebraci\u00f3n del Campeonato de Espa\u00f1a de Triatl\u00f3n y Aquabike de Larga Distancia, dentro del festival Multideporte que se prepara el fin de semana del s\u00e1bado 13 y domingo 14 de mayo, incluyendo los primeros campeonatos de Espa\u00f1a de Triatl\u00f3n Gravel, y la participaci\u00f3n infantil en un marco espectacular con las carreras Pho3nix Kids Triathlon Series by Javier G\u00f3mez Noya.<\/p>\n<p>La Delegada de la Generalitat para el Deporte en Girona, Anna Juli\u00e1; el Alcalde de Platja D\u2019Aro, Maurici Jim\u00e9nez; David Mart\u00edn, CEO y fundador de Tradeinn; y Pedro Torres, concejal de Deportes de Platja D\u2019Aro, presentaron un fin de semana de carreras que llevar\u00e1n a Platja D\u2019Aro m\u00e1s de 1400 deportistas y alrededor de un total de 8.000 participantes, contando con los acompa\u00f1antes.<\/p>\n<p>V\u00edctor Arroyo, campe\u00f3n de Espa\u00f1a en esta misma prueba 2022 y 2021, estar\u00e1 en la l\u00ednea de salida junto a un gran plantel de destacados aspirantes al podio, y rivales internacionales para la general de la carrera como Timothy Van Houtem, campe\u00f3n de Europa de Triatl\u00f3n LD en 2018. Laura G\u00f3mez, Patricia Bueno, Luc\u00eda Blanco o Alba Reguillo son tambi\u00e9n algunos nombres destacados en la lista \u00e9lite femenina nacional. En el total de los eventos del fin de semana y con cerca de medio millar de participantes, habr\u00e1 representaci\u00f3n de un total de 28 pa\u00edses, acreditando el creciente poder de convocatoria de 140.6INN International Triathlon.<\/p>\n<p>La prueba, la cual ser\u00e1 retrasmitida en directo a trav\u00e9s de RTVE Play, contar\u00e1 con la novedad de utilizar el novedoso sistema, RaceRanger, para intentar controlar y disminuir las situaciones de drafting en la prueba Elite del Campeonato de Espa\u00f1a de Triatl\u00f3n LD.<\/p>\n<p>Fuente: FETRI<\/p>\n<div class=\"youtube-embed\" data-video_id=\"swWeXJAB2KQ\"><iframe title=\"PTO Ibiza 2023 INSIDE . Nuestro resumen RANDOM \ud83d\udd25\" width=\"696\" height=\"392\" src=\"https:\/\/www.youtube.com\/embed\/swWeXJAB2KQ?start=3&#038;feature=oembed\" frameborder=\"0\" allow=\"accelerometer; autoplay; clipboard-write; encrypted-media; gyroscope; picture-in-picture; web-share\" referrerpolicy=\"strict-origin-when-cross-origin\" allowfullscreen><\/iframe><\/div>\n","protected":false},"excerpt":{"rendered":"<p>Concejales, alcaldes, delegados y el CEO\/ fundador de Tradeinn, David Mart\u00edn, presentaron en Girona un fin de semana repleto de competiciones en Platja d&#8217;Aro. Platja D\u2019Aro y el 140.6INN International Triathlon supondr\u00e1n un punto de inflexi\u00f3n en la celebraci\u00f3n del Campeonato de Espa\u00f1a de Triatl\u00f3n y Aquabike de Larga Distancia, dentro del festival Multideporte que [&hellip;]<\/p>\n","protected":false},"author":324,"featured_media":83038,"comment_status":"closed","ping_status":"closed","sticky":false,"template":"","format":"standard","meta":{"_acf_changed":false,"rank_math_lock_modified_date":false,"footnotes":""},"categories":[17],"tags":[10148,8276],"class_list":{"0":"post-83036","1":"post","2":"type-post","3":"status-publish","4":"format-standard","5":"has-post-thumbnail","8":"tag-campeonato-de-espana-triatlon-ld","9":"tag-tradeinn-140-6inn"},"acf":[],"_links":{"self":[{"href":"https:\/\/miurltemporal.com/main/triatletasenred.sport.es\/wp-json\/wp\/v2\/posts\/83036"}],"collection":[{"href":"https:\/\/miurltemporal.com/main/triatletasenred.sport.es\/wp-json\/wp\/v2\/posts"}],"about":[{"href":"https:\/\/miurltemporal.com/main/triatletasenred.sport.es\/wp-json\/wp\/v2\/types\/post"}],"author":[{"embeddable":true,"href":"https:\/\/miurltemporal.com/main/triatletasenred.sport.es\/wp-json\/wp\/v2\/users\/324"}],"replies":[{"embeddable":true,"href":"https:\/\/miurltemporal.com/main/triatletasenred.sport.es\/wp-json\/wp\/v2\/comments?post=83036"}],"version-history":[{"count":3,"href":"https:\/\/miurltemporal.com/main/triatletasenred.sport.es\/wp-json\/wp\/v2\/posts\/83036\/revisions"}],"predecessor-version":[{"id":83042,"href":"https:\/\/miurltemporal.com/main/triatletasenred.sport.es\/wp-json\/wp\/v2\/posts\/83036\/revisions\/83042"}],"wp:featuredmedia":[{"embeddable":true,"href":"https:\/\/miurltemporal.com/main/triatletasenred.sport.es\/wp-json\/wp\/v2\/media\/83038"}],"wp:attachment":[{"href":"https:\/\/miurltemporal.com/main/triatletasenred.sport.es\/wp-json\/wp\/v2\/media?parent=83036"}],"wp:term":[{"taxonomy":"category","embeddable":true,"href":"https:\/\/miurltemporal.com/main/triatletasenred.sport.es\/wp-json\/wp\/v2\/categories?post=83036"},{"taxonomy":"post_tag","embeddable":true,"href":"https:\/\/miurltemporal.com/main/triatletasenred.sport.es\/wp-json\/wp\/v2\/tags?post=83036"}],"curies":[{"name":"wp","href":"https:\/\/api.w.org\/{rel}","templated":true}]}}