{"id":82932,"date":"2023-05-04T07:43:42","date_gmt":"2023-05-04T05:43:42","guid":{"rendered":"https:\/\/miurltemporal.com/main/triatletasenred.sport.es\/?p=82932"},"modified":"2023-05-04T15:28:25","modified_gmt":"2023-05-04T13:28:25","slug":"entrevista-sin-titular-a-javi-gomez-noya","status":"publish","type":"post","link":"https:\/\/miurltemporal.com/main/triatletasenred.sport.es\/actualidad\/entrevista-sin-titular-a-javi-gomez-noya\/","title":{"rendered":"Javi G\u00f3mez Noya: Entreno en la sombra para volver"},"content":{"rendered":"<p>Son muchos los temas que tocamos en esta charla con el gran Capit\u00e1n y no podemos quedarnos con un solo titular. Os invitamos a ver la entrevista para conocer la actualidad y el momento en el que se encuentra Javi G\u00f3mez Noya.<\/p>\n<p><a href=\"https:\/\/www.dtswiss.com\/es\" rel=\"nofollow noopener\" target=\"_blank\"><img fetchpriority=\"high\" decoding=\"async\" class=\"alignnone size-full wp-image-82918\" src=\"https:\/\/miurltemporal.com/main/triatletasenred.sport.es\/wp-content\/uploads\/banner-dt-swiss-post.jpg\" alt=\"\" width=\"700\" height=\"150\" srcset=\"https:\/\/miurltemporal.com/main/triatletasenred.sport.es\/wp-content\/uploads\/banner-dt-swiss-post.jpg 700w, https:\/\/miurltemporal.com/main/triatletasenred.sport.es\/wp-content\/uploads\/banner-dt-swiss-post-300x64.jpg 300w, https:\/\/miurltemporal.com/main/triatletasenred.sport.es\/wp-content\/uploads\/banner-dt-swiss-post-696x150.jpg 696w\" sizes=\"(max-width: 700px) 100vw, 700px\" \/><\/a><\/p>\n<h3>El momento de forma de Javi G\u00f3mez Noya<\/h3>\n<hr \/>\n<p>Javi confiesa haber llegado a un momento de forma \u00f3ptimo previo al mundial pero que el Covid y sus secuelas han minado su forma f\u00edsica a la que las lesiones no han ayudado. Ahora prefiere no poner fecha de vuelta pero confiesa que est\u00e1 trabajando duro para su regreso y en su mirada y sus expresiones se nota que lo hace con la motivaci\u00f3n necesaria para poder a disfrutar de una gran versi\u00f3n de nuestro campe\u00f3n.<\/p>\n<h3>Cambios en sus din\u00e1micas de entrenamiento<\/h3>\n<hr \/>\n<p>Obviamente Javi ya lleva un recorrido amplio y laureado en corta y agradece el trabajo realizado con Carlos Prieto y reconoce que han habido muchos cambios de la mano de Dan Plews en muchos factores que explica en la entrevista. El uso del famoso anillo AURA es fuente de datos para su preparaci\u00f3n.<\/p>\n<h3>Mario Mola, su amigo y compa\u00f1ero<\/h3>\n<hr \/>\n<p>Javi no ha querido dejar escapar la oportunidad de felicitar y dejar en el lugar que se merece a Mario Mola, amigo y compa\u00f1ero de fatigas. Celebra su victoria en el mundial a la par que expresa su deseo de ver a Mario compitiendo con los mejores &#8220;como le corresponde&#8221; comenta el capit\u00e1n-<\/p>\n<h3>La porra de Javi para PTO Ibiza<\/h3>\n<hr \/>\n<p>Javi habla de este evento y se moja &#8220;relativamente&#8221; en su apuesta en la que ve a Frodeno con opciones y da otros nombres como candidatos al triunfo.<\/p>\n<p>&nbsp;<\/p>\n<p>Si te ha parecido interesante este resumen&#8230;.puedes ver la entrevista completa en nuestro canal. DALE AL PLAY!<\/p>\n","protected":false},"excerpt":{"rendered":"<p>Son muchos los temas que tocamos en esta charla con el gran Capit\u00e1n y no podemos quedarnos con un solo titular. Os invitamos a ver la entrevista para conocer la actualidad y el momento en el que se encuentra Javi G\u00f3mez Noya. El momento de forma de Javi G\u00f3mez Noya Javi confiesa haber llegado a [&hellip;]<\/p>\n","protected":false},"author":2,"featured_media":82933,"comment_status":"closed","ping_status":"closed","sticky":false,"template":"","format":"video","meta":{"_acf_changed":false,"rank_math_lock_modified_date":false,"footnotes":""},"categories":[17,8157],"tags":[4480],"class_list":{"0":"post-82932","1":"post","2":"type-post","3":"status-publish","4":"format-video","5":"has-post-thumbnail","7":"category-actualidad","8":"category-videos-triatlon","9":"tag-javi-gomez-noya","10":"post_format-post-format-video"},"acf":[],"_links":{"self":[{"href":"https:\/\/miurltemporal.com/main/triatletasenred.sport.es\/wp-json\/wp\/v2\/posts\/82932"}],"collection":[{"href":"https:\/\/miurltemporal.com/main/triatletasenred.sport.es\/wp-json\/wp\/v2\/posts"}],"about":[{"href":"https:\/\/miurltemporal.com/main/triatletasenred.sport.es\/wp-json\/wp\/v2\/types\/post"}],"author":[{"embeddable":true,"href":"https:\/\/miurltemporal.com/main/triatletasenred.sport.es\/wp-json\/wp\/v2\/users\/2"}],"replies":[{"embeddable":true,"href":"https:\/\/miurltemporal.com/main/triatletasenred.sport.es\/wp-json\/wp\/v2\/comments?post=82932"}],"version-history":[{"count":2,"href":"https:\/\/miurltemporal.com/main/triatletasenred.sport.es\/wp-json\/wp\/v2\/posts\/82932\/revisions"}],"predecessor-version":[{"id":82936,"href":"https:\/\/miurltemporal.com/main/triatletasenred.sport.es\/wp-json\/wp\/v2\/posts\/82932\/revisions\/82936"}],"wp:featuredmedia":[{"embeddable":true,"href":"https:\/\/miurltemporal.com/main/triatletasenred.sport.es\/wp-json\/wp\/v2\/media\/82933"}],"wp:attachment":[{"href":"https:\/\/miurltemporal.com/main/triatletasenred.sport.es\/wp-json\/wp\/v2\/media?parent=82932"}],"wp:term":[{"taxonomy":"category","embeddable":true,"href":"https:\/\/miurltemporal.com/main/triatletasenred.sport.es\/wp-json\/wp\/v2\/categories?post=82932"},{"taxonomy":"post_tag","embeddable":true,"href":"https:\/\/miurltemporal.com/main/triatletasenred.sport.es\/wp-json\/wp\/v2\/tags?post=82932"}],"curies":[{"name":"wp","href":"https:\/\/api.w.org\/{rel}","templated":true}]}}