{"id":82906,"date":"2023-05-03T09:27:03","date_gmt":"2023-05-03T07:27:03","guid":{"rendered":"https:\/\/miurltemporal.com/main/triatletasenred.sport.es\/?p=82906"},"modified":"2023-05-03T10:27:08","modified_gmt":"2023-05-03T08:27:08","slug":"los-ganadores-estadisticos-del-pto-european-open-ibiza","status":"publish","type":"post","link":"https:\/\/miurltemporal.com/main/triatletasenred.sport.es\/actualidad\/los-ganadores-estadisticos-del-pto-european-open-ibiza\/","title":{"rendered":"Los ganadores &#8220;estad\u00edsticos&#8221; del PTO European Open (Ibiza)"},"content":{"rendered":"<h3>Seg\u00fan los algoritmos y pasados resultados de los atletas, as\u00ed es como terminar\u00e1n la edici\u00f3n inaugural del PTO European Open que se celebrar\u00e1 en Ibiza los mejores triatletas del mundo.<\/h3>\n<p><a href=\"https:\/\/www.canyon.com\/es-es\/road-bikes\/triathlon-bikes\/speedmax\/cf\/?utm_medium=special-interest-online&amp;utm_source=triatletasenred&amp;utm_campaign=c0620-bike_push_speedmaxcf\" rel=\"nofollow noopener\" target=\"_blank\"><img fetchpriority=\"high\" decoding=\"async\" class=\"aligncenter size-full wp-image-78469\" src=\"https:\/\/miurltemporal.com/main/triatletasenred.sport.es\/wp-content\/uploads\/Banner_canyon_ES_700x150px.gif\" alt=\"\" width=\"700\" height=\"150\" \/><\/a><\/p>\n<p>Con el <strong>PTO European Open<\/strong> a la vuelta de la esquina, exactamente a 3 d\u00edas, los triatletas empiezan a hacer sus apuestas seg\u00fan su criterio -como nosotros mismos- por quienes ser\u00e1n los ganadores de la prueba o quien vencer\u00e1 en el tan esperado de duelo de Kristian Blummenfelt contra Jan Frodeno, pero siempre hay alguno que va m\u00e1s all\u00e1.<\/p>\n<p>Ese alguno es <strong>Thorsten Radde<\/strong>, un alem\u00e1n <strong>&#8220;adicto a los datos del triatl\u00f3n&#8221;<\/strong>, que es tambi\u00e9n conocido por su p\u00e1gina web y su cuenta de Instagram llamada <a href=\"https:\/\/www.trirating.com\/\" rel=\"nofollow noopener\" target=\"_blank\"><em>TriRating<\/em><\/a>, donde seg\u00fan la informaci\u00f3n que va recopilando de todos los resultados de triatletas profesionales, sus caracter\u00edsticas y el estilo de los recorridos de cada competici\u00f3n, saca los tiempos estimados de cada atleta para futuras pruebas y as\u00ed tambi\u00e9n la <strong>posible clasificaci\u00f3n<\/strong>.<\/p>\n<p>Aunque normalmente solo lo hace de pruebas IRONMAN y el Campeonato del Mundo de IM 70.3, debido a la importancia de la prueba y todo el <em>hype<\/em> creado a su alrededor, Thorsten tambi\u00e9n ha lanzado sus estad\u00edsticas para el PTO de Ibiza, \u201cresolviendo\u201d la duda de muchos.<\/p>\n<h3>\u00bfBlummenfelt o Frodeno?<\/h3>\n<p>Con 1 minuto 50 segundos de holgura dicen los datos que el noruego <strong>Kristian<\/strong> <strong>Blummenfelt <\/strong>ser\u00e1 el vencedor de la prueba, seguido en segunda posici\u00f3n de <strong>Jan Frodeno<\/strong> que, seg\u00fan sus c\u00e1lculos, perder\u00e1 la prueba principalmente en el segmento ciclista.<\/p>\n<p>En tercera posici\u00f3n, poco m\u00e1s de un minuto por detr\u00e1s de Frodeno, deber\u00eda entrar el dan\u00e9s <strong>Magnus Ditlev<\/strong>, quien parece que marcar\u00e1 el mejor parcial ciclista por detr\u00e1s de Cameron Wurf y muy igualado con Frederik Funk.<\/p>\n<p>El top 5 lo completar\u00edan el dan\u00e9s <strong>Daniel Baekegard <\/strong>(4\u00ba) y el australiano <strong>Aaron Royle <\/strong>(5\u00ba). A las puertas de acabar entre los 5 mejores estar\u00eda el brit\u00e1nico <strong>Alistair Brownlee <\/strong>(6\u00ba) quien, al igual que Frodeno, vuelve a la competici\u00f3n despu\u00e9s de un largo periodo de lesiones y enfermedades.<\/p>\n<h3>Apretada victoria en chicas<\/h3>\n<p>Tan solo 10 segundos de diferencia dicen las estad\u00edsticas que decidir\u00e1n la victoria, en un principio, para la brit\u00e1nica <strong>Lucy Charles &#8211; Barclay<\/strong>. Tras marcar uno de los mejores parciales de carrera a pie, acabar\u00eda muy cerca de Lucy la australiana <strong>Asleight Gentle<\/strong>, actual n\u00famero 1 del mundo en el <em>World Ranking<\/em> de a PTO.<\/p>\n<p>M\u00e1s de 2 minutos por detr\u00e1s de ese d\u00fao, parece que entrar\u00e1 la suiza <strong>Daniela Ryf<\/strong>, con <strong>Laura Philipp<\/strong> -posible baja de \u00faltima hora- a 25 segundos en 4\u00aa posici\u00f3n y <strong>Paula Findlay<\/strong> poco despu\u00e9s tambi\u00e9n como 5\u00aa clasificada.<\/p>\n<p>En cuanto a nuestra \u00fanica representante en todo el PTO European Open, <strong>Sara P\u00e9rez<\/strong>, tras las bajas de Katthew Matthews y Lisa Norden, se quedar\u00e1 <strong>a las puertas del top 10<\/strong>, en la 12\u00aa posici\u00f3n, seg\u00fan los c\u00e1lculos de Thorsten.<\/p>\n<p>Si quer\u00e9is las predicciones completas, con parciales en cada segmento, os invitamos a pasaros por la web de <a href=\"https:\/\/www.trirating.com\/\" rel=\"nofollow noopener\" target=\"_blank\"><em>TriRating<\/em><\/a>, donde despu\u00e9s de la carrera tambi\u00e9n analizar\u00e1 los resultados.<\/p>\n<div class=\"youtube-embed\" data-video_id=\"eNryjFGs-o8\"><iframe title=\"Triatl\u00f3n En Vena #217 | Previa IBIZA SHOW \ud83d\udd25\" width=\"696\" height=\"392\" src=\"https:\/\/www.youtube.com\/embed\/eNryjFGs-o8?feature=oembed&#038;enablejsapi=1\" frameborder=\"0\" allow=\"accelerometer; autoplay; clipboard-write; encrypted-media; gyroscope; picture-in-picture; web-share\" referrerpolicy=\"strict-origin-when-cross-origin\" allowfullscreen><\/iframe><\/div>\n","protected":false},"excerpt":{"rendered":"<p>Seg\u00fan los algoritmos y pasados resultados de los atletas, as\u00ed es como terminar\u00e1n la edici\u00f3n inaugural del PTO European Open que se celebrar\u00e1 en Ibiza los mejores triatletas del mundo.<\/p>\n","protected":false},"author":324,"featured_media":82907,"comment_status":"closed","ping_status":"closed","sticky":false,"template":"","format":"standard","meta":{"_acf_changed":false,"rank_math_lock_modified_date":false,"footnotes":""},"categories":[17],"tags":[],"class_list":{"0":"post-82906","1":"post","2":"type-post","3":"status-publish","4":"format-standard","5":"has-post-thumbnail","7":"category-actualidad"},"acf":[],"_links":{"self":[{"href":"https:\/\/miurltemporal.com/main/triatletasenred.sport.es\/wp-json\/wp\/v2\/posts\/82906"}],"collection":[{"href":"https:\/\/miurltemporal.com/main/triatletasenred.sport.es\/wp-json\/wp\/v2\/posts"}],"about":[{"href":"https:\/\/miurltemporal.com/main/triatletasenred.sport.es\/wp-json\/wp\/v2\/types\/post"}],"author":[{"embeddable":true,"href":"https:\/\/miurltemporal.com/main/triatletasenred.sport.es\/wp-json\/wp\/v2\/users\/324"}],"replies":[{"embeddable":true,"href":"https:\/\/miurltemporal.com/main/triatletasenred.sport.es\/wp-json\/wp\/v2\/comments?post=82906"}],"version-history":[{"count":3,"href":"https:\/\/miurltemporal.com/main/triatletasenred.sport.es\/wp-json\/wp\/v2\/posts\/82906\/revisions"}],"predecessor-version":[{"id":82913,"href":"https:\/\/miurltemporal.com/main/triatletasenred.sport.es\/wp-json\/wp\/v2\/posts\/82906\/revisions\/82913"}],"wp:featuredmedia":[{"embeddable":true,"href":"https:\/\/miurltemporal.com/main/triatletasenred.sport.es\/wp-json\/wp\/v2\/media\/82907"}],"wp:attachment":[{"href":"https:\/\/miurltemporal.com/main/triatletasenred.sport.es\/wp-json\/wp\/v2\/media?parent=82906"}],"wp:term":[{"taxonomy":"category","embeddable":true,"href":"https:\/\/miurltemporal.com/main/triatletasenred.sport.es\/wp-json\/wp\/v2\/categories?post=82906"},{"taxonomy":"post_tag","embeddable":true,"href":"https:\/\/miurltemporal.com/main/triatletasenred.sport.es\/wp-json\/wp\/v2\/tags?post=82906"}],"curies":[{"name":"wp","href":"https:\/\/api.w.org\/{rel}","templated":true}]}}