{"id":82728,"date":"2023-04-20T13:42:28","date_gmt":"2023-04-20T11:42:28","guid":{"rendered":"https:\/\/miurltemporal.com/main/triatletasenred.sport.es\/?p=82728"},"modified":"2023-04-20T13:51:29","modified_gmt":"2023-04-20T11:51:29","slug":"vihalfgasteiz-pto","status":"publish","type":"post","link":"https:\/\/miurltemporal.com/main/triatletasenred.sport.es\/actualidad\/vihalfgasteiz-pto\/","title":{"rendered":"OTSO vi half gasteiz 2023 ser\u00e1 prueba puntuable para el prestigioso ranking PTO"},"content":{"rendered":"<p class=\"text-build-content\" data-testid=\"A8MHkLeSNt\">OTSO vi half gasteiz sigue su gran progresi\u00f3n y afianza su propuesta de triatl\u00f3n de media distancia con un nuevo logro, en esta ocasi\u00f3n, con car\u00e1cter internacional. El evento formar\u00e1 parte del ranking internacional \u00a0de la prestigiosa PTO.<\/p>\n<p data-testid=\"A8MHkLeSNt\"><a href=\"https:\/\/vihalfgasteiz.com\/\" rel=\"nofollow noopener\" target=\"_blank\"><img fetchpriority=\"high\" decoding=\"async\" class=\"aligncenter size-full wp-image-81746\" src=\"https:\/\/miurltemporal.com/main/triatletasenred.sport.es\/wp-content\/uploads\/Banner_700x150.jpg\" alt=\"\" width=\"700\" height=\"150\" srcset=\"https:\/\/miurltemporal.com/main/triatletasenred.sport.es\/wp-content\/uploads\/Banner_700x150.jpg 700w, https:\/\/miurltemporal.com/main/triatletasenred.sport.es\/wp-content\/uploads\/Banner_700x150-300x64.jpg 300w, https:\/\/miurltemporal.com/main/triatletasenred.sport.es\/wp-content\/uploads\/Banner_700x150-696x150.jpg 696w\" sizes=\"(max-width: 700px) 100vw, 700px\" \/><\/a><\/p>\n<p class=\"text-build-content\" data-testid=\"A8MHkLeSNt\">La potencial proyecci\u00f3n de esta joven prueba, que cumplir\u00e1 su segunda edici\u00f3n el pr\u00f3ximo 3 de junio, junto a la belleza y exigencia de sus recorridos, as\u00ed como el buen hacer de la organizaci\u00f3n han sido factores clave para que la PTO haya puesto su foco en Vitoria-Gasteiz con el apoyo de la Federaci\u00f3n Espa\u00f1ola de Triatl\u00f3n.<\/p>\n<p class=\"text-build-content\" data-testid=\"A8MHkLeSNt\"><strong>Alain Fontecha<\/strong>, responsable de OTSO vi half gasteiz comentaba que: \u201c<i>Para nuestro equipo de trabajo ha sido una de las grandes noticias del a\u00f1o. Formar parte de un circuito tan prestigioso como la PTO y que se valore el esfuerzo y la pasi\u00f3n con la que construimos d\u00eda a d\u00eda este proyecto es un impulso a\u00fan m\u00e1s fuerte para lograr ofrecer la mejor experiencia a los y las triatletas que conf\u00eden en OTSO vi half gasteiz<\/i>\u201d<\/p>\n<p class=\"text-build-content\" data-testid=\"A8MHkLeSNt\">En este escenario, y con 10.000\u20ac en premios, se espera sumar un gran cartel internacional a las estrellas nacionales que hab\u00edan confirmado su presencia como es el caso de <i>el Kaiser<\/i> <strong>Eneko Llanos <\/strong>que seguramente vivir\u00e1 en el OTSO vi half gasteiz su retirada como atleta local en un evento de triatl\u00f3n como profesional, el subcampe\u00f3n nacional <strong>Mikel Ugarte<\/strong>, o el joven valenciano<strong> Joan Colino<\/strong> en categor\u00eda masculina. En f\u00e9minas, <strong>Ruth Brito<\/strong> llegar\u00e1 con ganas de quitarse la espina de 2022 en la que obtuvo el segundo lugar y vencer en la que es su casa ante una de las triatletas en mejor forma del circuito como es la catalana <strong>Marta S\u00e1nchez.<\/strong><\/p>\n<p><iframe title=\"VI HALF GASTEIZ  2022, nuestro resumen RANDOM\" width=\"696\" height=\"392\" src=\"https:\/\/www.youtube.com\/embed\/yoODdkVVmw4?feature=oembed\" frameborder=\"0\" allow=\"accelerometer; autoplay; clipboard-write; encrypted-media; gyroscope; picture-in-picture; web-share\" allowfullscreen><\/iframe><\/p>\n<p class=\"text-build-content\" data-testid=\"A8MHkLeSNt\">\n","protected":false},"excerpt":{"rendered":"<p>El evento formar\u00e1 parte del ranking internacional a de prestigiosa PTO adem\u00e1s de formar parte del ranking nacional<\/p>\n","protected":false},"author":2,"featured_media":82729,"comment_status":"closed","ping_status":"closed","sticky":false,"template":"","format":"standard","meta":{"_acf_changed":false,"rank_math_lock_modified_date":false,"footnotes":""},"categories":[17],"tags":[],"class_list":{"0":"post-82728","1":"post","2":"type-post","3":"status-publish","4":"format-standard","5":"has-post-thumbnail","7":"category-actualidad"},"acf":[],"_links":{"self":[{"href":"https:\/\/miurltemporal.com/main/triatletasenred.sport.es\/wp-json\/wp\/v2\/posts\/82728"}],"collection":[{"href":"https:\/\/miurltemporal.com/main/triatletasenred.sport.es\/wp-json\/wp\/v2\/posts"}],"about":[{"href":"https:\/\/miurltemporal.com/main/triatletasenred.sport.es\/wp-json\/wp\/v2\/types\/post"}],"author":[{"embeddable":true,"href":"https:\/\/miurltemporal.com/main/triatletasenred.sport.es\/wp-json\/wp\/v2\/users\/2"}],"replies":[{"embeddable":true,"href":"https:\/\/miurltemporal.com/main/triatletasenred.sport.es\/wp-json\/wp\/v2\/comments?post=82728"}],"version-history":[{"count":3,"href":"https:\/\/miurltemporal.com/main/triatletasenred.sport.es\/wp-json\/wp\/v2\/posts\/82728\/revisions"}],"predecessor-version":[{"id":82732,"href":"https:\/\/miurltemporal.com/main/triatletasenred.sport.es\/wp-json\/wp\/v2\/posts\/82728\/revisions\/82732"}],"wp:featuredmedia":[{"embeddable":true,"href":"https:\/\/miurltemporal.com/main/triatletasenred.sport.es\/wp-json\/wp\/v2\/media\/82729"}],"wp:attachment":[{"href":"https:\/\/miurltemporal.com/main/triatletasenred.sport.es\/wp-json\/wp\/v2\/media?parent=82728"}],"wp:term":[{"taxonomy":"category","embeddable":true,"href":"https:\/\/miurltemporal.com/main/triatletasenred.sport.es\/wp-json\/wp\/v2\/categories?post=82728"},{"taxonomy":"post_tag","embeddable":true,"href":"https:\/\/miurltemporal.com/main/triatletasenred.sport.es\/wp-json\/wp\/v2\/tags?post=82728"}],"curies":[{"name":"wp","href":"https:\/\/api.w.org\/{rel}","templated":true}]}}