{"id":82655,"date":"2023-04-15T19:41:11","date_gmt":"2023-04-15T17:41:11","guid":{"rendered":"https:\/\/miurltemporal.com/main/triatletasenred.sport.es\/?p=82655"},"modified":"2023-04-15T19:44:05","modified_gmt":"2023-04-15T17:44:05","slug":"ruben-ruzafa-2o-en-xterra-taiwan","status":"publish","type":"post","link":"https:\/\/miurltemporal.com/main/triatletasenred.sport.es\/actualidad\/ruben-ruzafa-2o-en-xterra-taiwan\/","title":{"rendered":"Rub\u00e9n Ruzafa acaba segundo en Xterra Taiw\u00e1n"},"content":{"rendered":"<h3>El triatleta profesional Rub\u00e9n Ruzafa ha comenzado la temporada con muy buen pie tras acabar segundo en el Xterra de Taiwan.<\/h3>\n<p><a href=\"https:\/\/zone3.es\/\" rel=\"nofollow noopener\" target=\"_blank\"><img fetchpriority=\"high\" decoding=\"async\" class=\"aligncenter size-full wp-image-66903\" src=\"https:\/\/miurltemporal.com/main/triatletasenred.sport.es\/wp-content\/uploads\/Banner-Zone3-746x149px.gif\" alt=\"\" width=\"746\" height=\"149\" \/><\/a><\/p>\n<p>El triatleta rinconero, Rub\u00e9n Ruzafa, ha viajado hasta Taiw\u00e1n para comenzar su temporada de Xterra en la primera prueba de la Copa del Mundo 2023, concretamente en el Campeonato XTERRA Asia-Pac\u00edfico que se ha celebrado en Kenting (Taiw\u00e1n).<\/p>\n<p>&#8220;2\u00ba clasificado tras una dura carrera en condiciones de calor y humedad. Muy contento de empezar as\u00ed la temporada y la Copa del Mundo&#8221;, ha escrito Ruzafa en sus redes sociales.<\/p>\n<p>Como dice Ruzafa, y todos los triatletas que han cruzado la meta, el calor y la humedad han sido el mayor obst\u00e1culo en esta prueba consistente en 1500m de nataci\u00f3n, 29km de ciclismo de monta\u00f1a y 9km de carrera a pie.<\/p>\n<p>Gracias al gran segmento ciclista de Rub\u00e9n, ha conseguido comenzar a correr en primera posici\u00f3n, pero no ha conseguido sacar la ventaja suficiente al franc\u00e9s Arthur Forissier que ha acabado arrebat\u00e1ndole la primera posici\u00f3n en la carrera a pie. En la tercera posici\u00f3n ha acabado Jens Emil.<\/p>\n<p>El malague\u00f1o Andr\u00e9s Carnevali, que tambi\u00e9n ha participado en la prueba elite, ha acabado la prueba en la 13\u00aa posici\u00f3n.<\/p>\n<p>En mujeres, el podio ha estado compuesto por Alizee Paties (1\u00aa), Solenee Billouin (2\u00aa) y Loanne Duvoisin (3\u00aa).<\/p>\n<div class=\"youtube-embed\" data-video_id=\"q676_S4m5os\"><iframe title=\"ZuiaDu INSIDE. Lo que no viste del Infierno del Norte \ud83d\ude08\" width=\"696\" height=\"392\" src=\"https:\/\/www.youtube.com\/embed\/q676_S4m5os?feature=oembed&#038;enablejsapi=1\" frameborder=\"0\" allow=\"accelerometer; autoplay; clipboard-write; encrypted-media; gyroscope; picture-in-picture; web-share\" referrerpolicy=\"strict-origin-when-cross-origin\" allowfullscreen><\/iframe><\/div>\n","protected":false},"excerpt":{"rendered":"<p>El triatleta profesional Rub\u00e9n Ruzafa ha comenzado la temporada con muy buen pie tras acabar segundo en el Xterra de Taiwan. El triatleta rinconero, Rub\u00e9n Ruzafa, ha viajado hasta Taiw\u00e1n para comenzar su temporada de Xterra en la primera prueba de la Copa del Mundo 2023, concretamente en el Campeonato XTERRA Asia-Pac\u00edfico que se ha [&hellip;]<\/p>\n","protected":false},"author":324,"featured_media":82656,"comment_status":"closed","ping_status":"closed","sticky":false,"template":"","format":"standard","meta":{"_acf_changed":false,"rank_math_lock_modified_date":false,"footnotes":""},"categories":[17],"tags":[1986,2022],"class_list":{"0":"post-82655","1":"post","2":"type-post","3":"status-publish","4":"format-standard","5":"has-post-thumbnail","7":"category-actualidad","8":"tag-ruben-ruzafa","9":"tag-xterra"},"acf":[],"_links":{"self":[{"href":"https:\/\/miurltemporal.com/main/triatletasenred.sport.es\/wp-json\/wp\/v2\/posts\/82655"}],"collection":[{"href":"https:\/\/miurltemporal.com/main/triatletasenred.sport.es\/wp-json\/wp\/v2\/posts"}],"about":[{"href":"https:\/\/miurltemporal.com/main/triatletasenred.sport.es\/wp-json\/wp\/v2\/types\/post"}],"author":[{"embeddable":true,"href":"https:\/\/miurltemporal.com/main/triatletasenred.sport.es\/wp-json\/wp\/v2\/users\/324"}],"replies":[{"embeddable":true,"href":"https:\/\/miurltemporal.com/main/triatletasenred.sport.es\/wp-json\/wp\/v2\/comments?post=82655"}],"version-history":[{"count":3,"href":"https:\/\/miurltemporal.com/main/triatletasenred.sport.es\/wp-json\/wp\/v2\/posts\/82655\/revisions"}],"predecessor-version":[{"id":82659,"href":"https:\/\/miurltemporal.com/main/triatletasenred.sport.es\/wp-json\/wp\/v2\/posts\/82655\/revisions\/82659"}],"wp:featuredmedia":[{"embeddable":true,"href":"https:\/\/miurltemporal.com/main/triatletasenred.sport.es\/wp-json\/wp\/v2\/media\/82656"}],"wp:attachment":[{"href":"https:\/\/miurltemporal.com/main/triatletasenred.sport.es\/wp-json\/wp\/v2\/media?parent=82655"}],"wp:term":[{"taxonomy":"category","embeddable":true,"href":"https:\/\/miurltemporal.com/main/triatletasenred.sport.es\/wp-json\/wp\/v2\/categories?post=82655"},{"taxonomy":"post_tag","embeddable":true,"href":"https:\/\/miurltemporal.com/main/triatletasenred.sport.es\/wp-json\/wp\/v2\/tags?post=82655"}],"curies":[{"name":"wp","href":"https:\/\/api.w.org\/{rel}","templated":true}]}}