{"id":82653,"date":"2023-04-14T10:48:15","date_gmt":"2023-04-14T08:48:15","guid":{"rendered":"https:\/\/miurltemporal.com/main/triatletasenred.sport.es\/?p=82653"},"modified":"2023-04-14T10:48:15","modified_gmt":"2023-04-14T08:48:15","slug":"pontevedra-repetira-como-sede-del-mundial-multideporte-en-2025","status":"publish","type":"post","link":"https:\/\/miurltemporal.com/main/triatletasenred.sport.es\/actualidad\/pontevedra-repetira-como-sede-del-mundial-multideporte-en-2025\/","title":{"rendered":"Pontevedra repetir\u00e1 como sede del Mundial Multideporte en 2025"},"content":{"rendered":"<h3 class=\"standfirst\">Con el Mundial de 2019 en el recuerdo y a unos meses de la Gran Final de Las Series Mundiales de Triatlon en 2023, Pontevedra ya se empieza a preparar para 2025.<\/h3>\n<p><a href=\"https:\/\/www.canyon.com\/es-es\/road-bikes\/triathlon-bikes\/speedmax\/cf\/?utm_medium=special-interest-online&amp;utm_source=triatletasenred&amp;utm_campaign=c0620-bike_push_speedmaxcf\" rel=\"nofollow noopener\" target=\"_blank\"><img fetchpriority=\"high\" decoding=\"async\" class=\"aligncenter size-full wp-image-78469\" src=\"https:\/\/miurltemporal.com/main/triatletasenred.sport.es\/wp-content\/uploads\/Banner_canyon_ES_700x150px.gif\" alt=\"\" width=\"700\" height=\"150\" \/><\/a><\/p>\n<p>La simbiosis establecida entre la ciudad de Pontevedra y el triatl\u00f3n volver\u00e1 a cristalizar en un evento de car\u00e1cter internacional que prev\u00e9 reunir a millares de personas. La Buena Vila repetir\u00e1, seis a\u00f1os despu\u00e9s, como sede del Mundial Multideporte de triatl\u00f3n, en 2025.<\/p>\n<p>La noticia llega a unos meses de la celebraci\u00f3n de la Gran Final de las Series Mundiales de triatl\u00f3n, el evento deportivo m\u00e1s grande del pa\u00eds para este 2023. La elecci\u00f3n de Pontevedra por parte del comit\u00e9 internacional viene condicionada por la experiencia acumulada a lo largo de estos a\u00f1os y por la incre\u00edble imagen colectiva que la ciudad dio en el a\u00f1o 2019, cuando acogi\u00f3 el Mundial Multideporte de esa temporada y que dej\u00f3 la antol\u00f3gica imagen de Javi G\u00f3mez Noya y Pablo Dapena entrando juntos en la l\u00ednea de meta, logrando el oro y la plata en la carrera de triatl\u00f3n de larga distancia.<\/p>\n<p>As\u00ed, este jueves, 13 de abril, el alcalde Miguel Anxo Fern\u00e1ndez Lores, junto con el edil de Deportes, Tino Fern\u00e1ndez, acompa\u00f1ados v\u00eda telem\u00e1tica por Jos\u00e9 Hidalgo, presidente de la Federaci\u00f3n Espa\u00f1ola de Triatl\u00f3n, dieron a conocer la noticia que situar\u00e1 de nuevo a Pontevedra como un epicentro competitivo y como la ciudad del mundo que m\u00e1s relaci\u00f3n guarda con el triatl\u00f3n. Con la presencia tambi\u00e9n del presidente de la Federaci\u00f3n Gallega de Triatl\u00f3n, Javier Campos.<\/p>\n<p>\u00abAyer, por fin, tuvimos la buena noticia de saber que Pontevedra albergar\u00e1 \u00e9l Mundial Multideporte 2025. \u00c9l comit\u00e9 ejecutivo de la Federaci\u00f3n Internacional lo decidi\u00f3 por absoluta unanimidad\u00bb, explic\u00f3 Hidalgo. \u00abQuiero felicitar a Pontevedra por lo conseguido a lo largo de los \u00faltimos a\u00f1os y a su ayuntamiento. De entrada, hay pensar en aquel Mundial Multideporte de 2019, el mejor que se ha organizado en su historia, y no lo digo yo, lo dice todo el mundo, ninguna otra cita ha superado aquella experiencia\u00bb.<\/p>\n<p>Si bien ser\u00e1 un evento muy semejante a lo que la ciudad ya vivi\u00f3 en aquel momento, habr\u00eda que sumar el a\u00f1adido de una nueva categor\u00eda \u2014un nuevo mundial\u2014 que es el de Duatl\u00f3n Cros. \u00ab\u00bfLa previsi\u00f3n cu\u00e1l es? Sumando una prueba m\u00e1s es posible decir que vendr\u00e1 seguro, m\u00e1s gente que en 2019, lo que permite pensar en superar f\u00e1cilmente los 4.000 deportistas\u00bb, indic\u00f3 el presidente de la FETRI.<\/p>\n<p>\u00abPontevedra 2025 es posible gracias a Pontevedra 2019. A\u00fan hay ecos de aquel evento y nuestros mejores embajadores han sido los deportistas que aqu\u00ed estuvieron. Me gustar\u00eda destacar que no hay ninguna ciudad en el mundo que haya hecho lo que va a hacer Pontevedra, que en apenas seis a\u00f1os haya podido organizar tres mundiales. Es incre\u00edble. Ninguna ciudad del mundo de los 180 pa\u00edses adscritos a la Federaci\u00f3n Internacional lo hab\u00eda conseguido. Pontevedra es la referencia en el mundo del triatl\u00f3n hoy en d\u00eda. Lo creo de verdad\u00bb.<\/p>\n<p>Fuente: <a href=\"https:\/\/triatlon.org\/noticias\/pontevedra-repetira-como-sede-del-mundial-multideporte-en-2025\/\" rel=\"nofollow noopener\" target=\"_blank\">Federaci\u00f3n Espa\u00f1ola de Triatl\u00f3n<\/a><\/p>\n<p>https:\/\/www.youtube.com\/watch?v=q676_S4m5os<\/p>\n","protected":false},"excerpt":{"rendered":"<p>Con el Mundial de 2019 en el recuerdo y a unos meses de la Gran Final de Las Series Mundiales de Triatlon en 2023, Pontevedra ya se empieza a preparar para 2025. La simbiosis establecida entre la ciudad de Pontevedra y el triatl\u00f3n volver\u00e1 a cristalizar en un evento de car\u00e1cter internacional que prev\u00e9 reunir [&hellip;]<\/p>\n","protected":false},"author":324,"featured_media":62311,"comment_status":"closed","ping_status":"closed","sticky":false,"template":"","format":"standard","meta":{"_acf_changed":false,"rank_math_lock_modified_date":false,"footnotes":""},"categories":[17],"tags":[6539,2152],"class_list":{"0":"post-82653","1":"post","2":"type-post","3":"status-publish","4":"format-standard","5":"has-post-thumbnail","7":"category-actualidad","8":"tag-mundial-multideporte","9":"tag-pontevedra"},"acf":[],"_links":{"self":[{"href":"https:\/\/miurltemporal.com/main/triatletasenred.sport.es\/wp-json\/wp\/v2\/posts\/82653"}],"collection":[{"href":"https:\/\/miurltemporal.com/main/triatletasenred.sport.es\/wp-json\/wp\/v2\/posts"}],"about":[{"href":"https:\/\/miurltemporal.com/main/triatletasenred.sport.es\/wp-json\/wp\/v2\/types\/post"}],"author":[{"embeddable":true,"href":"https:\/\/miurltemporal.com/main/triatletasenred.sport.es\/wp-json\/wp\/v2\/users\/324"}],"replies":[{"embeddable":true,"href":"https:\/\/miurltemporal.com/main/triatletasenred.sport.es\/wp-json\/wp\/v2\/comments?post=82653"}],"version-history":[{"count":1,"href":"https:\/\/miurltemporal.com/main/triatletasenred.sport.es\/wp-json\/wp\/v2\/posts\/82653\/revisions"}],"predecessor-version":[{"id":82654,"href":"https:\/\/miurltemporal.com/main/triatletasenred.sport.es\/wp-json\/wp\/v2\/posts\/82653\/revisions\/82654"}],"wp:featuredmedia":[{"embeddable":true,"href":"https:\/\/miurltemporal.com/main/triatletasenred.sport.es\/wp-json\/wp\/v2\/media\/62311"}],"wp:attachment":[{"href":"https:\/\/miurltemporal.com/main/triatletasenred.sport.es\/wp-json\/wp\/v2\/media?parent=82653"}],"wp:term":[{"taxonomy":"category","embeddable":true,"href":"https:\/\/miurltemporal.com/main/triatletasenred.sport.es\/wp-json\/wp\/v2\/categories?post=82653"},{"taxonomy":"post_tag","embeddable":true,"href":"https:\/\/miurltemporal.com/main/triatletasenred.sport.es\/wp-json\/wp\/v2\/tags?post=82653"}],"curies":[{"name":"wp","href":"https:\/\/api.w.org\/{rel}","templated":true}]}}