{"id":82620,"date":"2023-04-12T11:21:13","date_gmt":"2023-04-12T09:21:13","guid":{"rendered":"https:\/\/miurltemporal.com/main/triatletasenred.sport.es\/?p=82620"},"modified":"2023-04-12T11:41:49","modified_gmt":"2023-04-12T09:41:49","slug":"start-list-masculina-pto-european-open","status":"publish","type":"post","link":"https:\/\/miurltemporal.com/main/triatletasenred.sport.es\/actualidad\/start-list-masculina-pto-european-open\/","title":{"rendered":"Iden y Frodeno fuera de la start list masculina para el PTO European Open (Ibiza)"},"content":{"rendered":"<h3>La Professional Triathletes Organisation ya ha descubierto quienes ser\u00e1n las superestrellas que participar\u00e1n en el PTO European Open de Ibiza 2023.<\/h3>\n<p><a href=\"https:\/\/zone3.es\/\" rel=\"nofollow noopener\" target=\"_blank\"><img fetchpriority=\"high\" decoding=\"async\" class=\"aligncenter size-full wp-image-66903\" src=\"https:\/\/miurltemporal.com/main/triatletasenred.sport.es\/wp-content\/uploads\/Banner-Zone3-746x149px.gif\" alt=\"\" width=\"746\" height=\"149\" \/><\/a><\/p>\n<p>Tras el anuncio ayer de la <a href=\"https:\/\/miurltemporal.com/main/triatletasenred.sport.es\/actualidad\/ya-tenemos-la-start-list-femenina-del-pto-european-open-ibiza\/\"><em>start list<\/em> femenina<\/a>, donde se encontraba <strong>Sara P\u00e9rez<\/strong>, hoy ha sido el turno del listado de triatletas masculinos que tomar\u00e1n la salida el pr\u00f3ximo 6 de mayo en la primera edici\u00f3n del<strong> PTO European Open<\/strong>, el cual se celebrar\u00e1 en Ibiza.<\/p>\n<p>Entre ellos, con <strong>Kristian Blummenfelt como l\u00edder<\/strong> al encontrarse en el puesto n\u00ba1 del <em>World Ranking<\/em>, se encuentran <strong>16 de los mejores 30 triatletas del mundo<\/strong> seg\u00fan la clasificaci\u00f3n de la PTO. Por desgracia, de momento no aparece ning\u00fan nombre espa\u00f1ol y ha quedado confirmado que no estar\u00e1 el campe\u00f3n del mundo de IRONMAN, Gustav Iden.<\/p>\n<h3>Start list masculina PTO European Open (Ibiza)<\/h3>\n<ol>\n<li>Kristian Blummenfelt (NOR)<\/li>\n<li>Magnus Ditlev (DEN)<\/li>\n<li>Sam Laidlow (FRA)<\/li>\n<li>Max Neumann (Australia)<\/li>\n<li>Le\u00f3n Chevalier (FRA)<\/li>\n<li>Florian Angert (GER)<\/li>\n<li>Fr\u00e9d\u00e9ric Funk (GER)<\/li>\n<li>Aaron Royle (AUS)<\/li>\n<li>Patrick Lange (GER)<\/li>\n<li>Daniel Baekkegard (DEN)<\/li>\n<li>Ben Kanute (Estados Unidos)<\/li>\n<li>Miki Moerck Taagholt (DEN)<\/li>\n<li>Bradley Weiss (Estados Unidos)<\/li>\n<li>Jason West (Estados Unidos)<\/li>\n<li>Pieter Heemeryck (BEL)<\/li>\n<li>Kristian Hogenhaug (DEN)<\/li>\n<li>Thomas Bishop (GBR)<\/li>\n<li>Gregory Barnaby (ITA)<\/li>\n<li>Rudy von Berg (Estados Unidos)<\/li>\n<li>Kyle Smith (Nueva Zelanda)<\/li>\n<li>Mathias Lyngsoe Peterson (DEN)<\/li>\n<li>Ben Hoffmann (Estados Unidos)<\/li>\n<li>David McNamee (GBR)<\/li>\n<li>Filipe Azevedo (POR)<\/li>\n<\/ol>\n<p>Como se puede ver, en la <em>start list<\/em> masculina del <strong>PTO European Open<\/strong> \u00fanicamente aparecen 24 nombres, entre los que no se encuentra <strong>Jan Frodeno<\/strong>. La prueba est\u00e1 preparada para que compitan cerca de 30 chicos y 30 chicas, por lo que seguramente en las pr\u00f3ximo horas veremos como la PTO va desvelando quienes han sido los afortunados que reciben una de las <em>wild cards<\/em> -invitaciones- para poder sumarse a esta incre\u00edble <em>start list<\/em>. Est\u00e1 bastante claro que Frodeno ser\u00e1 uno de ellos, ya que el mismo ha anunciado que tomar\u00e1 la salida en Ibiza el pr\u00f3ximo 6 de mayo si todo va seg\u00fan lo planeado.<\/p>\n<div class=\"youtube-embed\" data-video_id=\"kpSSMQ6vJRY\"><iframe title=\"Triatl\u00f3n En Vena #205 | PTO Ibiza y Campeonato de Espa\u00f1a  Duatl\u00f3n con FERNANDO ZORRILLA\" width=\"696\" height=\"392\" src=\"https:\/\/www.youtube.com\/embed\/kpSSMQ6vJRY?feature=oembed&#038;enablejsapi=1\" frameborder=\"0\" allow=\"accelerometer; autoplay; clipboard-write; encrypted-media; gyroscope; picture-in-picture; web-share\" allowfullscreen><\/iframe><\/div>\n","protected":false},"excerpt":{"rendered":"<p>La Professional Triathletes Organisation ya ha descubierto quienes ser\u00e1n las superestrellas que participar\u00e1n en el PTO European Open de Ibiza 2023.<\/p>\n","protected":false},"author":324,"featured_media":82621,"comment_status":"closed","ping_status":"closed","sticky":false,"template":"","format":"standard","meta":{"_acf_changed":false,"rank_math_lock_modified_date":false,"footnotes":""},"categories":[17],"tags":[10080,10081,1936,7562],"class_list":{"0":"post-82620","1":"post","2":"type-post","3":"status-publish","4":"format-standard","5":"has-post-thumbnail","7":"category-actualidad","8":"tag-european-open-ibiza","9":"tag-flummenfelt","10":"tag-jan-frodeno","11":"tag-pto"},"acf":[],"_links":{"self":[{"href":"https:\/\/miurltemporal.com/main/triatletasenred.sport.es\/wp-json\/wp\/v2\/posts\/82620"}],"collection":[{"href":"https:\/\/miurltemporal.com/main/triatletasenred.sport.es\/wp-json\/wp\/v2\/posts"}],"about":[{"href":"https:\/\/miurltemporal.com/main/triatletasenred.sport.es\/wp-json\/wp\/v2\/types\/post"}],"author":[{"embeddable":true,"href":"https:\/\/miurltemporal.com/main/triatletasenred.sport.es\/wp-json\/wp\/v2\/users\/324"}],"replies":[{"embeddable":true,"href":"https:\/\/miurltemporal.com/main/triatletasenred.sport.es\/wp-json\/wp\/v2\/comments?post=82620"}],"version-history":[{"count":6,"href":"https:\/\/miurltemporal.com/main/triatletasenred.sport.es\/wp-json\/wp\/v2\/posts\/82620\/revisions"}],"predecessor-version":[{"id":82627,"href":"https:\/\/miurltemporal.com/main/triatletasenred.sport.es\/wp-json\/wp\/v2\/posts\/82620\/revisions\/82627"}],"wp:featuredmedia":[{"embeddable":true,"href":"https:\/\/miurltemporal.com/main/triatletasenred.sport.es\/wp-json\/wp\/v2\/media\/82621"}],"wp:attachment":[{"href":"https:\/\/miurltemporal.com/main/triatletasenred.sport.es\/wp-json\/wp\/v2\/media?parent=82620"}],"wp:term":[{"taxonomy":"category","embeddable":true,"href":"https:\/\/miurltemporal.com/main/triatletasenred.sport.es\/wp-json\/wp\/v2\/categories?post=82620"},{"taxonomy":"post_tag","embeddable":true,"href":"https:\/\/miurltemporal.com/main/triatletasenred.sport.es\/wp-json\/wp\/v2\/tags?post=82620"}],"curies":[{"name":"wp","href":"https:\/\/api.w.org\/{rel}","templated":true}]}}