{"id":82612,"date":"2023-04-11T17:01:00","date_gmt":"2023-04-11T15:01:00","guid":{"rendered":"https:\/\/miurltemporal.com/main/triatletasenred.sport.es\/?p=82612"},"modified":"2023-04-11T17:01:00","modified_gmt":"2023-04-11T15:01:00","slug":"nuevocircuitocilistainfinitri113peniscola","status":"publish","type":"post","link":"https:\/\/miurltemporal.com/main/triatletasenred.sport.es\/actualidad\/nuevocircuitocilistainfinitri113peniscola\/","title":{"rendered":"Nuevo circuito de ciclismo en el Infinitri 113 Triathlon Pe\u00f1\u00edscola"},"content":{"rendered":"<h3><strong>Estamos a una semana de Infinitri 113 Triathlon Pe\u00f1\u00edscola que estrena nuevo circuito de bici a una sola vuelta y un nuevo colaborador que ayudar\u00e1 en su sostenibilidad.<\/strong><\/h3>\n<p><a href=\"https:\/\/www.finisher.es\" rel=\"nofollow noopener\" target=\"_blank\"><img fetchpriority=\"high\" decoding=\"async\" class=\"alignnone size-full wp-image-77427\" src=\"https:\/\/miurltemporal.com/main/triatletasenred.sport.es\/wp-content\/uploads\/Finisher-750x150-1.jpg\" alt=\"\" width=\"750\" height=\"150\" srcset=\"https:\/\/miurltemporal.com/main/triatletasenred.sport.es\/wp-content\/uploads\/Finisher-750x150-1.jpg 750w, https:\/\/miurltemporal.com/main/triatletasenred.sport.es\/wp-content\/uploads\/Finisher-750x150-1-700x140.jpg 700w, https:\/\/miurltemporal.com/main/triatletasenred.sport.es\/wp-content\/uploads\/Finisher-750x150-1-300x60.jpg 300w, https:\/\/miurltemporal.com/main/triatletasenred.sport.es\/wp-content\/uploads\/Finisher-750x150-1-696x139.jpg 696w\" sizes=\"(max-width: 750px) 100vw, 750px\" \/><\/a><\/p>\n<p>El Infinitri 113 ha superado de nuevo en 2023 los 1000 inscritos, convirti\u00e9ndose en una de las pocas pruebas en Espa\u00f1a que alcanza estas espectaculares cifras. Para esta edici\u00f3n, la organizaci\u00f3n presenta como gran novedad un circuito de ciclismo a una \u00fanica vuelta para evitar el drafting y aumentar mas si cabe la seguridad de la misma.<\/p>\n<p>Adem\u00e1s, contar\u00e1 con la ya nombrada zona post-meta ampliada de 750m2, una nueva carrera llamada InfinitriWoman y una zona VIP para que los acompa\u00f1antes puedan vivir la carrera desde dentro y estar aun mas cerca de sus triatletas favoritos.<\/p>\n<p>A lo anterior se le suma una start list de nivel mundial, con campeones y campeonas del mundo en diferentes disciplinas, como Ashleigh Gentle, Antony Costes, Alexia Bailly, Pierre Le Corre o Jannik Schaufler, entre otros.<\/p>\n<h4><strong>Apuesta por la sostenibilidad.<\/strong><\/h4>\n<p>En el camino hacia el \u00e9xito de este evento de Infinitri, el compromiso con el desarrollo sostenible es un valor clave que no se ha dejado de lado. Desde la organizaci\u00f3n, se ha realizado un c\u00e1lculo de la huella de carbono, evaluando el impacto ambiental de cada acci\u00f3n y estableciendo medidas correctoras para reducir el impacto. Como resultado, se han implementado iniciativas como la creaci\u00f3n de camisetas con material PET reciclado, medallas de madera reciclada y la optimizaci\u00f3n del uso de veh\u00edculos. Adem\u00e1s, este a\u00f1o se ha dado un paso m\u00e1s en el compromiso sostenible, sustituyendo m\u00e1s de 5000 botellas de pl\u00e1stico por vasos de cart\u00f3n reciclado y reciclable.<\/p>\n<p>Este compromiso con el medio ambiente es compartido por el concesionario BMW en Castell\u00f3n, Maberauto, y se uni\u00f3 el pasado viernes al proyecto Infinitri 113 como patrocinador oficial. Su filosof\u00eda se basa en los principios de Repensar, Reducir, Reusar y Reciclar, impulsando una econom\u00eda circular donde el uso responsable de los recursos es fundamental. Por esto, durante el evento, se utilizar\u00e1n algunos de sus modelos electrificados, como el BMW iX y el iX1.<\/p>\n<p>Aunque las inscripciones regulares cerraron el 31 de marzo, a\u00fan quedan algunas plazas extra para unirse a la fiesta.<\/p>\n<p><span class=\"td_btn td_btn_lg td_outlined_btn\"><a href=\"https:\/\/infinitri.es\/peniscola\/\" rel=\"nofollow noopener\" target=\"_blank\">MAS INFO EN INSCRIPCIONES<\/a><\/span><\/p>\n<p>https:\/\/www.youtube.com\/watch?v=OirIF6C_HxY&#038;t=786s<\/p>\n","protected":false},"excerpt":{"rendered":"<p>Una semana para Infinitri 113 Triathlon Pe\u00f1\u00edscola con nuevo circuito de bici y un nuevo colaborador que ayudar\u00e1 en su sostenibilidad.<\/p>\n","protected":false},"author":322,"featured_media":82613,"comment_status":"closed","ping_status":"closed","sticky":false,"template":"","format":"standard","meta":{"_acf_changed":false,"rank_math_lock_modified_date":false,"footnotes":""},"categories":[17,19,1191],"tags":[],"class_list":{"0":"post-82612","1":"post","2":"type-post","3":"status-publish","4":"format-standard","5":"has-post-thumbnail","7":"category-actualidad","8":"category-competiciones","9":"category-triatlon"},"acf":[],"_links":{"self":[{"href":"https:\/\/miurltemporal.com/main/triatletasenred.sport.es\/wp-json\/wp\/v2\/posts\/82612"}],"collection":[{"href":"https:\/\/miurltemporal.com/main/triatletasenred.sport.es\/wp-json\/wp\/v2\/posts"}],"about":[{"href":"https:\/\/miurltemporal.com/main/triatletasenred.sport.es\/wp-json\/wp\/v2\/types\/post"}],"author":[{"embeddable":true,"href":"https:\/\/miurltemporal.com/main/triatletasenred.sport.es\/wp-json\/wp\/v2\/users\/322"}],"replies":[{"embeddable":true,"href":"https:\/\/miurltemporal.com/main/triatletasenred.sport.es\/wp-json\/wp\/v2\/comments?post=82612"}],"version-history":[{"count":1,"href":"https:\/\/miurltemporal.com/main/triatletasenred.sport.es\/wp-json\/wp\/v2\/posts\/82612\/revisions"}],"predecessor-version":[{"id":82614,"href":"https:\/\/miurltemporal.com/main/triatletasenred.sport.es\/wp-json\/wp\/v2\/posts\/82612\/revisions\/82614"}],"wp:featuredmedia":[{"embeddable":true,"href":"https:\/\/miurltemporal.com/main/triatletasenred.sport.es\/wp-json\/wp\/v2\/media\/82613"}],"wp:attachment":[{"href":"https:\/\/miurltemporal.com/main/triatletasenred.sport.es\/wp-json\/wp\/v2\/media?parent=82612"}],"wp:term":[{"taxonomy":"category","embeddable":true,"href":"https:\/\/miurltemporal.com/main/triatletasenred.sport.es\/wp-json\/wp\/v2\/categories?post=82612"},{"taxonomy":"post_tag","embeddable":true,"href":"https:\/\/miurltemporal.com/main/triatletasenred.sport.es\/wp-json\/wp\/v2\/tags?post=82612"}],"curies":[{"name":"wp","href":"https:\/\/api.w.org\/{rel}","templated":true}]}}