{"id":82552,"date":"2023-04-05T11:10:39","date_gmt":"2023-04-05T09:10:39","guid":{"rendered":"https:\/\/miurltemporal.com/main/triatletasenred.sport.es\/?p=82552"},"modified":"2023-04-05T11:28:10","modified_gmt":"2023-04-05T09:28:10","slug":"2mesesparaswimnolimits2023","status":"publish","type":"post","link":"https:\/\/miurltemporal.com/main/triatletasenred.sport.es\/actualidad\/2mesesparaswimnolimits2023\/","title":{"rendered":"Dos meses para el inicio del circuito de traves\u00edas SwimNoLimits"},"content":{"rendered":"<h3><strong>El pr\u00f3ximo 3 de junio dar\u00e1 comienzo en la Cala Montg\u00f3 la Copa de Traves\u00edas SwimNoLimits<\/strong><\/h3>\n<p><a href=\"https:\/\/nutrisport.es\/geles\/37-energy-gel-taurina.html?utm_source=Triatletas+en+red&amp;utm_medium=Banner+revista+digital&amp;utm_campaign=Revista%3A+Triatletas+en+red\" rel=\"nofollow noopener\" target=\"_blank\"><img fetchpriority=\"high\" decoding=\"async\" class=\"alignnone size-full wp-image-80108\" src=\"https:\/\/miurltemporal.com/main/triatletasenred.sport.es\/wp-content\/uploads\/banner-geles.gif\" alt=\"\" width=\"750\" height=\"100\" \/><\/a><\/p>\n<p>En menos de dos meses, la Cala Montg\u00f3 se convertir\u00e1 en el epicentro del circuito de traves\u00edas SwimNoLimits. La prueba, que se celebrar\u00e1 el pr\u00f3ximo 3 de junio, ofrecer\u00e1 a los participantes la oportunidad de nadar en un entorno privilegiado, rodeados de acantilados y con la posibilidad de adentrarse en una cueva con una b\u00f3veda de m\u00e1s de 20 metros de altura.<\/p>\n<p>La traves\u00eda, que cuenta con dos opciones de distancias, con un recorrido de 2.500 y otro de 5.500 metros, permitir\u00e1 a los nadadores disfrutar de las aguas cristalinas y de la abundante vida marina que habita en la zona. Adem\u00e1s, los m\u00e1s peque\u00f1os tendr\u00e1n la oportunidad de participar en la categor\u00eda Kids, e incluso podr\u00e1n hacerlo por relevos para compartir la experiencia con sus compa\u00f1eros.<\/p>\n<p>Pero la Swim No Limits Cala Montg\u00f3 no es solo una prueba deportiva, sino que tambi\u00e9n ofrece una amplia variedad de actividades para todos los gustos. Los acompa\u00f1antes de los nadadores podr\u00e1n disfrutar de sesiones de yoga o hacer test de neoprenos ZONE3, mientras que los participantes podr\u00e1n asistir a charlas sobre nutrici\u00f3n y entrenamiento.<\/p>\n<p>Adem\u00e1s, la organizaci\u00f3n ha preparado una serie de sorpresas para los participantes, como la posibilidad de nadar sobre los restos visibles del Cotentin A-701, un barco militar que naufrag\u00f3 en 1963. Tambi\u00e9n se han organizado actividades complementarias para los ni\u00f1os, como talleres de manualidades y juegos en la playa.<\/p>\n<p>La Swim No Limits Cala Montg\u00f3 es una prueba \u00fanica en su categor\u00eda, que ofrece una experiencia deportiva y tur\u00edstica inigualable en un entorno natural privilegiado. A\u00fan est\u00e1s a tiempo de inscribirte en la prueba y disfrutar de todo lo que la Costa Brava tiene que ofrecer. \u00bfTe animas a sumergirte en esta aventura?<\/p>\n<p><span class=\"td_btn td_btn_md td_outlined_btn\"><a href=\"https:\/\/www.rockthesport.com\/es\/evento\/swim-cala-montgo-2022\/inscripcion\/selecciona-tarifa\" rel=\"nofollow noopener\" target=\"_blank\">WEB OFICIAL E INSCRIPCIONES<\/a><\/span><\/p>\n<p>https:\/\/www.youtube.com\/watch?v=8_y2vlBVINA&#038;t=2s<\/p>\n","protected":false},"excerpt":{"rendered":"<p>El pr\u00f3ximo 3 de junio dar\u00e1 comienzo en la Cala Montg\u00f3 la Copa de Traves\u00edas de SwimNoLimits<\/p>\n","protected":false},"author":322,"featured_media":82553,"comment_status":"closed","ping_status":"closed","sticky":false,"template":"","format":"standard","meta":{"_acf_changed":false,"rank_math_lock_modified_date":false,"footnotes":""},"categories":[17,19,1193],"tags":[3201],"class_list":{"0":"post-82552","1":"post","2":"type-post","3":"status-publish","4":"format-standard","5":"has-post-thumbnail","7":"category-actualidad","8":"category-competiciones","9":"category-travesias-mar-abierto","10":"tag-swimnolimits"},"acf":[],"_links":{"self":[{"href":"https:\/\/miurltemporal.com/main/triatletasenred.sport.es\/wp-json\/wp\/v2\/posts\/82552"}],"collection":[{"href":"https:\/\/miurltemporal.com/main/triatletasenred.sport.es\/wp-json\/wp\/v2\/posts"}],"about":[{"href":"https:\/\/miurltemporal.com/main/triatletasenred.sport.es\/wp-json\/wp\/v2\/types\/post"}],"author":[{"embeddable":true,"href":"https:\/\/miurltemporal.com/main/triatletasenred.sport.es\/wp-json\/wp\/v2\/users\/322"}],"replies":[{"embeddable":true,"href":"https:\/\/miurltemporal.com/main/triatletasenred.sport.es\/wp-json\/wp\/v2\/comments?post=82552"}],"version-history":[{"count":1,"href":"https:\/\/miurltemporal.com/main/triatletasenred.sport.es\/wp-json\/wp\/v2\/posts\/82552\/revisions"}],"predecessor-version":[{"id":82554,"href":"https:\/\/miurltemporal.com/main/triatletasenred.sport.es\/wp-json\/wp\/v2\/posts\/82552\/revisions\/82554"}],"wp:featuredmedia":[{"embeddable":true,"href":"https:\/\/miurltemporal.com/main/triatletasenred.sport.es\/wp-json\/wp\/v2\/media\/82553"}],"wp:attachment":[{"href":"https:\/\/miurltemporal.com/main/triatletasenred.sport.es\/wp-json\/wp\/v2\/media?parent=82552"}],"wp:term":[{"taxonomy":"category","embeddable":true,"href":"https:\/\/miurltemporal.com/main/triatletasenred.sport.es\/wp-json\/wp\/v2\/categories?post=82552"},{"taxonomy":"post_tag","embeddable":true,"href":"https:\/\/miurltemporal.com/main/triatletasenred.sport.es\/wp-json\/wp\/v2\/tags?post=82552"}],"curies":[{"name":"wp","href":"https:\/\/api.w.org\/{rel}","templated":true}]}}