{"id":82473,"date":"2023-03-31T09:59:19","date_gmt":"2023-03-31T07:59:19","guid":{"rendered":"https:\/\/miurltemporal.com/main/triatletasenred.sport.es\/?p=82473"},"modified":"2023-03-31T10:02:55","modified_gmt":"2023-03-31T08:02:55","slug":"jumbo-visma-regular-la-presion-de-los-neumaticos-desde-manillar","status":"publish","type":"post","link":"https:\/\/miurltemporal.com/main/triatletasenred.sport.es\/actualidad\/jumbo-visma-regular-la-presion-de-los-neumaticos-desde-manillar\/","title":{"rendered":"El Jumbo-Visma ahora puede regular la presi\u00f3n de los neum\u00e1ticos desde el propio manillar"},"content":{"rendered":"<h3>El equipo ciclista profesional Jumbo Visma est\u00e1 probando un sistema de ruedas que les permite ajustar la presi\u00f3n de hinchado mientras van en marcha.<\/h3>\n<p><a href=\"https:\/\/www.canyon.com\/es-es\/bicicletas-de-carretera\/bicicletas-triatlon\/speedmax\/cf\/?utm_medium=special-interest-online&amp;utm_source=triatletasenred&amp;utm_campaign=c0402-bike_push_speedmax_cf\" rel=\"nofollow noopener\" target=\"_blank\"><img fetchpriority=\"high\" decoding=\"async\" class=\"aligncenter size-full wp-image-78469\" src=\"https:\/\/miurltemporal.com/main/triatletasenred.sport.es\/wp-content\/uploads\/Banner_canyon_ES_700x150px.gif\" alt=\"\" width=\"700\" height=\"150\" \/><\/a><\/p>\n<p>Quedan pocos d\u00edas para que se celebre la <strong>Par\u00eds-Roubaix<\/strong>, una carrera ciclista tambi\u00e9n conocida como \u201cEl infierno del norte\u201d o \u201cLa cl\u00e1sica de las cl\u00e1sicas\u201d. Aparte de por sus 260 kil\u00f3metros de recorrido, esta prueba es considerada <strong>una de las m\u00e1s duras del mundo<\/strong> debido a sus 50 kil\u00f3metros de pav\u00e9s.<\/p>\n<p>Esta dificultad ha hecho que, con el paso de los a\u00f1os, algunas de las mejores marcas de bicicletas del mundo hayan trabajado sin parar para sacar las bicis m\u00e1s apropiadas para este tipo de terrenos tan exigentes.<\/p>\n<p>Cada a\u00f1o, vemos a los mejores equipos reconociendo los tramos los d\u00edas de antes y probando diferentes \u201ccosas\u201d que puedan suponerles una ventaja respecto a sus competidores. En esta edici\u00f3n, ha destacado una imagen que se ha filtrado sobre las ruedas del equipo ciclista de los Pa\u00edses Bajos, <strong>Jumbo-Visma<\/strong>, las cuales llevan un <strong>sistema para regular la presi\u00f3n de los neum\u00e1ticos desde la propia bicicleta<\/strong>, sin la necesidad de parar.<\/p>\n<figure id=\"attachment_82476\" aria-describedby=\"caption-attachment-82476\" style=\"width: 1080px\" class=\"wp-caption aligncenter\"><img decoding=\"async\" class=\"wp-image-82476 size-full\" src=\"https:\/\/miurltemporal.com/main/triatletasenred.sport.es\/wp-content\/uploads\/FsdyGkcWwAAk0NO.jpg\" alt=\"\" width=\"1080\" height=\"800\" srcset=\"https:\/\/miurltemporal.com/main/triatletasenred.sport.es\/wp-content\/uploads\/FsdyGkcWwAAk0NO.jpg 1080w, https:\/\/miurltemporal.com/main/triatletasenred.sport.es\/wp-content\/uploads\/FsdyGkcWwAAk0NO-700x519.jpg 700w, https:\/\/miurltemporal.com/main/triatletasenred.sport.es\/wp-content\/uploads\/FsdyGkcWwAAk0NO-300x222.jpg 300w, https:\/\/miurltemporal.com/main/triatletasenred.sport.es\/wp-content\/uploads\/FsdyGkcWwAAk0NO-1024x759.jpg 1024w, https:\/\/miurltemporal.com/main/triatletasenred.sport.es\/wp-content\/uploads\/FsdyGkcWwAAk0NO-768x569.jpg 768w, https:\/\/miurltemporal.com/main/triatletasenred.sport.es\/wp-content\/uploads\/FsdyGkcWwAAk0NO-485x360.jpg 485w, https:\/\/miurltemporal.com/main/triatletasenred.sport.es\/wp-content\/uploads\/FsdyGkcWwAAk0NO-696x516.jpg 696w, https:\/\/miurltemporal.com/main/triatletasenred.sport.es\/wp-content\/uploads\/FsdyGkcWwAAk0NO-1068x791.jpg 1068w, https:\/\/miurltemporal.com/main/triatletasenred.sport.es\/wp-content\/uploads\/FsdyGkcWwAAk0NO-567x420.jpg 567w, https:\/\/miurltemporal.com/main/triatletasenred.sport.es\/wp-content\/uploads\/FsdyGkcWwAAk0NO-80x60.jpg 80w\" sizes=\"(max-width: 1080px) 100vw, 1080px\" \/><figcaption id=\"caption-attachment-82476\" class=\"wp-caption-text\">Sistema para regular la presi\u00f3n de los neum\u00e1ticos.<\/figcaption><\/figure>\n<p>Esto les servir\u00eda a los corredores del Jumbo para <strong>aumentar el agarre de sus ruedas en las superficies m\u00e1s bacheadas<\/strong> al disminuir la presi\u00f3n de los neum\u00e1ticos, a la par que aumentar la comodidad, y podr\u00edan <strong>reducir la resistencia a la rodadura<\/strong> aumentando la presi\u00f3n de los neum\u00e1ticos en las superficies de terreno m\u00e1s regular.<\/p>\n<p>Todo esto podr\u00edan hacerlo los ciclistas desde un <strong>mando inal\u00e1mbrico<\/strong> que llevar\u00edan colocado sobre el manillar de la bici.<\/p>\n<figure id=\"attachment_82477\" aria-describedby=\"caption-attachment-82477\" style=\"width: 550px\" class=\"wp-caption aligncenter\"><img decoding=\"async\" class=\"size-full wp-image-82477\" src=\"https:\/\/miurltemporal.com/main/triatletasenred.sport.es\/wp-content\/uploads\/gravaa-kaps-mando.jpg\" alt=\"\" width=\"550\" height=\"800\" srcset=\"https:\/\/miurltemporal.com/main/triatletasenred.sport.es\/wp-content\/uploads\/gravaa-kaps-mando.jpg 550w, https:\/\/miurltemporal.com/main/triatletasenred.sport.es\/wp-content\/uploads\/gravaa-kaps-mando-206x300.jpg 206w, https:\/\/miurltemporal.com/main/triatletasenred.sport.es\/wp-content\/uploads\/gravaa-kaps-mando-289x420.jpg 289w\" sizes=\"(max-width: 550px) 100vw, 550px\" \/><figcaption id=\"caption-attachment-82477\" class=\"wp-caption-text\">Mando del Gravaa Kaps para controlar la presi\u00f3n de los neum\u00e1ticos.<\/figcaption><\/figure>\n<p>El \u201cinvento\u201d se llama <a href=\"https:\/\/www.gravaa.com\/en\/\" rel=\"nofollow noopener\" target=\"_blank\"><strong><em>Gravaa KAPS<\/em><\/strong><\/a> y no es completamente nuevo, hasta ahora se ha empezado a utilizar en bicicletas de monta\u00f1a o gravel, pero es la primera vez que se ve a un equipo profesional de carretera con \u00e9l.<\/p>\n<p>Veremos si el domingo 9 de abril acaban llev\u00e1ndolo en competici\u00f3n o si acaba siendo una ventaja competitiva como aparenta que podr\u00eda llegar a ser.<\/p>\n<div class=\"youtube-embed\" data-video_id=\"raakfVDlLfg\"><iframe title=\"Volcat Costa Brava 2023. Volvemos a las ruedas GORDAS\" width=\"696\" height=\"392\" src=\"https:\/\/www.youtube.com\/embed\/raakfVDlLfg?feature=oembed&#038;enablejsapi=1\" frameborder=\"0\" allow=\"accelerometer; autoplay; clipboard-write; encrypted-media; gyroscope; picture-in-picture; web-share\" allowfullscreen><\/iframe><\/div>\n","protected":false},"excerpt":{"rendered":"<p>El equipo ciclista profesional Jumbo Visma est\u00e1 probando un sistema de ruedas que les permite ajustar la presi\u00f3n de hinchado mientras van en marcha. Quedan pocos d\u00edas para que se celebre la Par\u00eds-Roubaix, una carrera ciclista tambi\u00e9n conocida como \u201cEl infierno del norte\u201d o \u201cLa cl\u00e1sica de las cl\u00e1sicas\u201d. Aparte de por sus 260 kil\u00f3metros [&hellip;]<\/p>\n","protected":false},"author":324,"featured_media":82474,"comment_status":"closed","ping_status":"closed","sticky":false,"template":"","format":"standard","meta":{"_acf_changed":false,"rank_math_lock_modified_date":false,"footnotes":""},"categories":[17],"tags":[10053,10052,8095,10054],"class_list":{"0":"post-82473","1":"post","2":"type-post","3":"status-publish","4":"format-standard","5":"has-post-thumbnail","7":"category-actualidad","8":"tag-gravaa","9":"tag-jumbo-visma","10":"tag-paris-roubaix","11":"tag-regulacion-presion-ruedas"},"acf":[],"_links":{"self":[{"href":"https:\/\/miurltemporal.com/main/triatletasenred.sport.es\/wp-json\/wp\/v2\/posts\/82473"}],"collection":[{"href":"https:\/\/miurltemporal.com/main/triatletasenred.sport.es\/wp-json\/wp\/v2\/posts"}],"about":[{"href":"https:\/\/miurltemporal.com/main/triatletasenred.sport.es\/wp-json\/wp\/v2\/types\/post"}],"author":[{"embeddable":true,"href":"https:\/\/miurltemporal.com/main/triatletasenred.sport.es\/wp-json\/wp\/v2\/users\/324"}],"replies":[{"embeddable":true,"href":"https:\/\/miurltemporal.com/main/triatletasenred.sport.es\/wp-json\/wp\/v2\/comments?post=82473"}],"version-history":[{"count":2,"href":"https:\/\/miurltemporal.com/main/triatletasenred.sport.es\/wp-json\/wp\/v2\/posts\/82473\/revisions"}],"predecessor-version":[{"id":82479,"href":"https:\/\/miurltemporal.com/main/triatletasenred.sport.es\/wp-json\/wp\/v2\/posts\/82473\/revisions\/82479"}],"wp:featuredmedia":[{"embeddable":true,"href":"https:\/\/miurltemporal.com/main/triatletasenred.sport.es\/wp-json\/wp\/v2\/media\/82474"}],"wp:attachment":[{"href":"https:\/\/miurltemporal.com/main/triatletasenred.sport.es\/wp-json\/wp\/v2\/media?parent=82473"}],"wp:term":[{"taxonomy":"category","embeddable":true,"href":"https:\/\/miurltemporal.com/main/triatletasenred.sport.es\/wp-json\/wp\/v2\/categories?post=82473"},{"taxonomy":"post_tag","embeddable":true,"href":"https:\/\/miurltemporal.com/main/triatletasenred.sport.es\/wp-json\/wp\/v2\/tags?post=82473"}],"curies":[{"name":"wp","href":"https:\/\/api.w.org\/{rel}","templated":true}]}}