{"id":82451,"date":"2023-03-29T12:16:43","date_gmt":"2023-03-29T10:16:43","guid":{"rendered":"https:\/\/miurltemporal.com/main/triatletasenred.sport.es\/?p=82451"},"modified":"2023-03-29T12:16:43","modified_gmt":"2023-03-29T10:16:43","slug":"triatlon-en-vena-210-cargado-de-novedades-importantes","status":"publish","type":"post","link":"https:\/\/miurltemporal.com/main/triatletasenred.sport.es\/actualidad\/triatlon-en-vena-210-cargado-de-novedades-importantes\/","title":{"rendered":"Triatl\u00f3n En Vena #210 cargado de novedades IMPORTANTES"},"content":{"rendered":"<h3>En el episodio del podcast de Triatl\u00f3n en Vena de esta semana no hemos tenido invitado pero hemos tra\u00eddo novedades muy importantes.<\/h3>\n<p><a href=\"https:\/\/infinitri.es\/burriana\/\" rel=\"nofollow noopener\" target=\"_blank\"><img fetchpriority=\"high\" decoding=\"async\" class=\"aligncenter size-full wp-image-81664\" src=\"https:\/\/miurltemporal.com/main/triatletasenred.sport.es\/wp-content\/uploads\/GIF_700_Nov22-e1677776692282.gif\" alt=\"\" width=\"500\" height=\"143\" \/><\/a><\/p>\n<p>Como cada semana, el lunes en Triatletas en Red solo significa una cosa: un nuevo episodio de nuestro programa semanal de <strong>Triatl\u00f3n en Vena<\/strong>. En el cap\u00edtulo 10 de esta segunda temporada no hemos tenido ning\u00fan invitado especial, pero para compensar hemos tra\u00eddo <strong>novedades muy importantes<\/strong> que seguro que no os defraudar\u00e1n.<\/p>\n<p>En \u00e9l hemos cubierto toda la actualidad m\u00e1s destacada, tanto nacional como internacional. Desde el carrer\u00f3n que hicieron Maria Varo e Iv\u00e1n Gil en el <strong>Campeonato de Espa\u00f1a de Duatl\u00f3n<\/strong>, donde se llevaron la victoria, a la actuaci\u00f3n de los espa\u00f1oles en la Copa del Mundo y de Europa de <strong>Nueva Plymouth y Quarteira<\/strong>.<\/p>\n<p>Tambi\u00e9n intentamos decidir d\u00f3nde ser\u00e1 el destino elegido por <strong>Javier G\u00f3mez Noya<\/strong> para regresar a un IRONMAN en junio, comentamos las posibilidades de Jan <strong>Frodeno<\/strong> y la baja de Lionel Sanders en <strong>IM 70.3 Oceanside<\/strong> este fin de semana y la reciente noticia de que el <strong><em>RaceRanger<\/em><\/strong> ser\u00e1 utilizado en el Campeonato del Mundo de Larga Distancia que se celebrar\u00e1 en Ibiza el pr\u00f3ximo 7 de mayo.<\/p>\n<h3>Llega la Triathlon Fantasy by Triatletas en Red<\/h3>\n<p>Por \u00faltimo, 2 grandes novedades de las que encontrar\u00e9is la informaci\u00f3n en nuestro canal de YouTube: este fin de semana podr\u00e9is ver en <a href=\"https:\/\/www.youtube.com\/watch?v=i0g85yprooA\" rel=\"nofollow noopener\" target=\"_blank\"><strong>directo el Duatl\u00f3n de Zuia 2023<\/strong><\/a> a trav\u00e9s de nuestro canal y en breves 50 personas podr\u00e1n participar en la <strong>Triathlon Fantasy<\/strong> <strong>by Triatletas en Red<\/strong>.<\/p>\n<p>Si quieres enterarte a fondo de todo esto y mucho m\u00e1s, <a href=\"https:\/\/www.youtube.com\/watch?v=P9B_nHV4Ta0&amp;t=1s\" rel=\"nofollow noopener\" target=\"_blank\"><strong>\u00a1DALE AL PLAY!<\/strong><\/a><\/p>\n<div class=\"youtube-embed\" data-video_id=\"P9B_nHV4Ta0\"><iframe title=\"Triatl\u00f3n En Vena #210 |  Previa ZUIADU y novedades IMPORTANTES\" width=\"696\" height=\"392\" src=\"https:\/\/www.youtube.com\/embed\/P9B_nHV4Ta0?feature=oembed&#038;enablejsapi=1\" frameborder=\"0\" allow=\"accelerometer; autoplay; clipboard-write; encrypted-media; gyroscope; picture-in-picture; web-share\" allowfullscreen><\/iframe><\/div>\n","protected":false},"excerpt":{"rendered":"<p>En el episodio del podcast de Triatl\u00f3n en Vena de esta semana no hemos tenido invitado pero hemos tra\u00eddo novedades muy importantes.<\/p>\n","protected":false},"author":324,"featured_media":82452,"comment_status":"closed","ping_status":"closed","sticky":false,"template":"","format":"standard","meta":{"_acf_changed":false,"rank_math_lock_modified_date":false,"footnotes":""},"categories":[17,8157],"tags":[10038,8056],"class_list":{"0":"post-82451","1":"post","2":"type-post","3":"status-publish","4":"format-standard","5":"has-post-thumbnail","7":"category-actualidad","8":"category-videos-triatlon","9":"tag-triathlon-fantasy","10":"tag-triatlon-en-vena"},"acf":[],"_links":{"self":[{"href":"https:\/\/miurltemporal.com/main/triatletasenred.sport.es\/wp-json\/wp\/v2\/posts\/82451"}],"collection":[{"href":"https:\/\/miurltemporal.com/main/triatletasenred.sport.es\/wp-json\/wp\/v2\/posts"}],"about":[{"href":"https:\/\/miurltemporal.com/main/triatletasenred.sport.es\/wp-json\/wp\/v2\/types\/post"}],"author":[{"embeddable":true,"href":"https:\/\/miurltemporal.com/main/triatletasenred.sport.es\/wp-json\/wp\/v2\/users\/324"}],"replies":[{"embeddable":true,"href":"https:\/\/miurltemporal.com/main/triatletasenred.sport.es\/wp-json\/wp\/v2\/comments?post=82451"}],"version-history":[{"count":1,"href":"https:\/\/miurltemporal.com/main/triatletasenred.sport.es\/wp-json\/wp\/v2\/posts\/82451\/revisions"}],"predecessor-version":[{"id":82453,"href":"https:\/\/miurltemporal.com/main/triatletasenred.sport.es\/wp-json\/wp\/v2\/posts\/82451\/revisions\/82453"}],"wp:featuredmedia":[{"embeddable":true,"href":"https:\/\/miurltemporal.com/main/triatletasenred.sport.es\/wp-json\/wp\/v2\/media\/82452"}],"wp:attachment":[{"href":"https:\/\/miurltemporal.com/main/triatletasenred.sport.es\/wp-json\/wp\/v2\/media?parent=82451"}],"wp:term":[{"taxonomy":"category","embeddable":true,"href":"https:\/\/miurltemporal.com/main/triatletasenred.sport.es\/wp-json\/wp\/v2\/categories?post=82451"},{"taxonomy":"post_tag","embeddable":true,"href":"https:\/\/miurltemporal.com/main/triatletasenred.sport.es\/wp-json\/wp\/v2\/tags?post=82451"}],"curies":[{"name":"wp","href":"https:\/\/api.w.org\/{rel}","templated":true}]}}