{"id":82083,"date":"2023-03-07T11:51:22","date_gmt":"2023-03-07T10:51:22","guid":{"rendered":"https:\/\/miurltemporal.com/main/triatletasenred.sport.es\/?p=82083"},"modified":"2023-03-07T11:51:57","modified_gmt":"2023-03-07T10:51:57","slug":"triatlon-en-vena-207-con-antonio-benito","status":"publish","type":"post","link":"https:\/\/miurltemporal.com/main/triatletasenred.sport.es\/actualidad\/triatlon-en-vena-207-con-antonio-benito\/","title":{"rendered":"Triatl\u00f3n En Vena #207 | Con Antonio Benito"},"content":{"rendered":"<h3>En el episodio de esta semana de Triatl\u00f3n en Vena, hemos tenido al triatleta profesional Antonio Benito como invitado especial.<\/h3>\n<p><a href=\"https:\/\/zone3.es\/\" rel=\"nofollow noopener\" target=\"_blank\"><img fetchpriority=\"high\" decoding=\"async\" class=\"alignnone size-full wp-image-66903\" src=\"https:\/\/miurltemporal.com/main/triatletasenred.sport.es\/wp-content\/uploads\/Banner-Zone3-746x149px.gif\" alt=\"\" width=\"746\" height=\"149\" \/><\/a><\/p>\n<p>Comenzamos una nueva semana como ya viene siendo costumbre, un <strong>nuevo episodio de Triatl\u00f3n en Vena<\/strong>, donde intentamos tratar todo lo destacable sobre la actualidad del triatl\u00f3n nacional e internacional. Esta vez, hemos tenido la suerte de contar con <strong>Antonio Benito<\/strong> como invitado especial.<\/p>\n<p>Aunque no creemos que necesite presentaci\u00f3n, Benito es un triatleta profesional de Tomelloso (Ciudad Real), que tras muchos a\u00f1os consiguiendo grandes resultados en corta distancia, como <strong>m\u00faltiples Top5 y Top10 en Copas del Mundo y de Europa<\/strong>, desde el a\u00f1o pasado ha decidido centrarse m\u00e1s en la Media Distancia, una disciplina en la que se proclam\u00f3 <strong>campe\u00f3n de Europa<\/strong> el pasado a\u00f1o y donde ya ha ganado y ha hecho podio en pruebas de IM 70.3. Gracias a estos \u00faltimos resultados, Benito ha sido uno de los seleccionados para disputar el pr\u00f3ximo <strong>Campeonato del Mundo de LD<\/strong> que se celebrar\u00e1 en Ibiza.<\/p>\n<p>Junto a \u00e9l, hemos estado hablando del WTCS de Abu Dabi y <strong>la lucha que hay en Espa\u00f1a ahora mismo por las plazas ol\u00edmpicas<\/strong>, el IM de Nueva Zelanda y un IM de Sud\u00e1frica marcado por la <strong>pol\u00e9mica descalificaci\u00f3n de Justine Mathieux y la baja de Alistair Brownlee<\/strong>. No pod\u00eda faltar tampoco el Clash Miami que se celebrar\u00e1 este viernes y donde contaremos con la presencia de Sara P\u00e9rez, nuestra favorita para la victoria.<\/p>\n<p>Si quieres enterarte a fondo de todo, <strong><a href=\"https:\/\/www.youtube.com\/watch?v=vWZdLJmlghs\" rel=\"nofollow noopener\" target=\"_blank\">\u00a1DALE AL PLAY!<\/a><\/strong><\/p>\n<div class=\"youtube-embed\" data-video_id=\"vWZdLJmlghs\"><iframe title=\"Triatl\u00f3n En Vena #207 | Con Antonio Benito\" width=\"696\" height=\"392\" src=\"https:\/\/www.youtube.com\/embed\/vWZdLJmlghs?feature=oembed&#038;enablejsapi=1\" frameborder=\"0\" allow=\"accelerometer; autoplay; clipboard-write; encrypted-media; gyroscope; picture-in-picture; web-share\" allowfullscreen><\/iframe><\/div>\n","protected":false},"excerpt":{"rendered":"<p>En el episodio de esta semana de Triatl\u00f3n en Vena, hemos tenido al triatleta profesional Antonio Benito como invitado especial.<\/p>\n","protected":false},"author":324,"featured_media":82085,"comment_status":"closed","ping_status":"closed","sticky":false,"template":"","format":"standard","meta":{"_acf_changed":false,"rank_math_lock_modified_date":false,"footnotes":""},"categories":[17,8157],"tags":[3812,8056],"class_list":{"0":"post-82083","1":"post","2":"type-post","3":"status-publish","4":"format-standard","5":"has-post-thumbnail","7":"category-actualidad","8":"category-videos-triatlon","9":"tag-antonio-benito","10":"tag-triatlon-en-vena"},"acf":[],"_links":{"self":[{"href":"https:\/\/miurltemporal.com/main/triatletasenred.sport.es\/wp-json\/wp\/v2\/posts\/82083"}],"collection":[{"href":"https:\/\/miurltemporal.com/main/triatletasenred.sport.es\/wp-json\/wp\/v2\/posts"}],"about":[{"href":"https:\/\/miurltemporal.com/main/triatletasenred.sport.es\/wp-json\/wp\/v2\/types\/post"}],"author":[{"embeddable":true,"href":"https:\/\/miurltemporal.com/main/triatletasenred.sport.es\/wp-json\/wp\/v2\/users\/324"}],"replies":[{"embeddable":true,"href":"https:\/\/miurltemporal.com/main/triatletasenred.sport.es\/wp-json\/wp\/v2\/comments?post=82083"}],"version-history":[{"count":1,"href":"https:\/\/miurltemporal.com/main/triatletasenred.sport.es\/wp-json\/wp\/v2\/posts\/82083\/revisions"}],"predecessor-version":[{"id":82086,"href":"https:\/\/miurltemporal.com/main/triatletasenred.sport.es\/wp-json\/wp\/v2\/posts\/82083\/revisions\/82086"}],"wp:featuredmedia":[{"embeddable":true,"href":"https:\/\/miurltemporal.com/main/triatletasenred.sport.es\/wp-json\/wp\/v2\/media\/82085"}],"wp:attachment":[{"href":"https:\/\/miurltemporal.com/main/triatletasenred.sport.es\/wp-json\/wp\/v2\/media?parent=82083"}],"wp:term":[{"taxonomy":"category","embeddable":true,"href":"https:\/\/miurltemporal.com/main/triatletasenred.sport.es\/wp-json\/wp\/v2\/categories?post=82083"},{"taxonomy":"post_tag","embeddable":true,"href":"https:\/\/miurltemporal.com/main/triatletasenred.sport.es\/wp-json\/wp\/v2\/tags?post=82083"}],"curies":[{"name":"wp","href":"https:\/\/api.w.org\/{rel}","templated":true}]}}