{"id":82077,"date":"2023-03-07T10:49:24","date_gmt":"2023-03-07T09:49:24","guid":{"rendered":"https:\/\/miurltemporal.com/main/triatletasenred.sport.es\/?p=82077"},"modified":"2023-03-07T10:49:24","modified_gmt":"2023-03-07T09:49:24","slug":"quien-denuncio-las-zapatillas-de-gustav-iden-en-la-wtcs-de-abu-dabi","status":"publish","type":"post","link":"https:\/\/miurltemporal.com/main/triatletasenred.sport.es\/actualidad\/quien-denuncio-las-zapatillas-de-gustav-iden-en-la-wtcs-de-abu-dabi\/","title":{"rendered":"\u00bfQui\u00e9n denunci\u00f3 las zapatillas de Gustav Iden en la WTCS de Abu Dabi?"},"content":{"rendered":"<h3>Gustav Iden particip\u00f3 en la WTCS de Abu Dabi, donde acab\u00f3 el 52\u00ba, pero puede que sea descalificado debido a las zapatillas que utiliz\u00f3.<\/h3>\n<p><a href=\"https:\/\/www.canyon.com\/es-es\/bicicletas-de-carretera\/bicicletas-triatlon\/speedmax\/cf\/?utm_medium=special-interest-online&amp;utm_source=triatletasenred&amp;utm_campaign=c0402-bike_push_speedmax_cf\" rel=\"nofollow noopener\" target=\"_blank\"><img fetchpriority=\"high\" decoding=\"async\" class=\"alignnone size-full wp-image-78469\" src=\"https:\/\/miurltemporal.com/main/triatletasenred.sport.es\/wp-content\/uploads\/Banner_canyon_ES_700x150px.gif\" alt=\"\" width=\"700\" height=\"150\" \/><\/a><\/p>\n<p>Pocos d\u00edas antes de que se proclamara campe\u00f3n del mundo de IRONMAN en 2022, <strong>Gustav Iden<\/strong> anunciaba su fichaje por la marca suiza de zapatillas On Running. Un acuerdo que sorprendi\u00f3 a muchos, ya que, en esos momentos, On no destacaba por ser la marca de zapatillas m\u00e1s r\u00e1pida del mercado, pero <strong>si los noruegos hacen algo, es por algo<\/strong>.<\/p>\n<p>2h36 en la marat\u00f3n de Haw\u00e1i, marcando el mejor parcial, hizo que On y ese prototipo que nadie hab\u00eda visto antes, cobraran m\u00e1s atenci\u00f3n que nunca, y la gente, yo incluido, deseara que saliera al mercado.<\/p>\n<p>Pronto salieron teor\u00edas respecto a la legalidad de estas zapatillas, al superar los 50\u202fmm de suela, no se podr\u00edan haber utilizado en atletismo, pero hasta ese momento la World Triathlon\/ IRONMAN no ten\u00eda ninguna normativa que regulara este aspecto, por lo que las zapatillas que uso Iden en Haw\u00e1i, eran legales. <strong>\u00bfSacar\u00eda a la venta On unas zapatillas que no se puedan utilizar para competir en atletismo pero s\u00ed en triatl\u00f3n?<\/strong><\/p>\n<p>Todo ha cambiado ahora con los nuevos reglamentos en 2023. Tanto <strong>la World Triathlon como IRONMAN ahora se sujetan a las reglas de la World Athletics<\/strong> en todo lo que respecta a las zapatillas v\u00e1lidas o no, por lo que ahora s\u00ed, competir con unas zapatillas de m\u00e1s de 50\u202fmm de suela no estar\u00e1 permitido esta temporada, por lo que todos pens\u00e1bamos que no ver\u00edamos nunca m\u00e1s esas zapatillas de ning\u00fan profesional o amateur compitiendo.<\/p>\n<h3>Si los noruegos hacen algo, es por algo<\/h3>\n<p>Entonces, \u00bfpor qu\u00e9 Gustav Iden volvi\u00f3 a competir este pasado viernes en la WTCS de Abu Dabi con ellas? <strong>No ten\u00eda sentido jug\u00e1rsela a que le \u201cpillaran\u201d, algo que ocurri\u00f3, ser descalificado<\/strong> y perder valiosos puntos para poder clasificarse para Paris 2024. Pero son los noruegos, ellos tienen todo pensado, y todo lo hacen despu\u00e9s de haberlo estudiado muy bien.<\/p>\n<p>Aunque no ha salido de manera oficial, por muy sorprendente que parezca, como s<a href=\"https:\/\/twitter.com\/bbculp\/status\/1632838427933548544\" rel=\"nofollow noopener\" target=\"_blank\"><strong>e rumorea en Twitter y algunos foros<\/strong><\/a>, parece que fue la propia federaci\u00f3n noruega la denunci\u00f3 las zapatillas de su atleta. \u00bfPor qu\u00e9?, pues por qu\u00e9 ellos creen que las zapatillas son legales, pero al tratarse de un prototipo no est\u00e1n validadas por las federaciones, pero ahora que la federaci\u00f3n tiene en sus manos las zapatillas gracias a la denuncia para ver si son v\u00e1lidas o no, <strong>si son legales como los noruegos creen, tendr\u00e1n que validarlas<\/strong> y tanto \u00e9l, como Blummenfelt y el resto de atletas de On podr\u00e1n utilizarlas sin problemas en el resto de competiciones.<\/p>\n<p>Habr\u00e1 que estar atentos a los pr\u00f3ximos d\u00edas donde la World Triathlon &#8220;dictar\u00e1 sentencia&#8221;:<\/p>\n<p>&nbsp;<\/p>\n<div class=\"youtube-embed\" data-video_id=\"vWZdLJmlghs\"><iframe title=\"Triatl\u00f3n En Vena #207 | Con Antonio Benito\" width=\"696\" height=\"522\" src=\"https:\/\/www.youtube.com\/embed\/vWZdLJmlghs?feature=oembed&#038;enablejsapi=1\" frameborder=\"0\" allow=\"accelerometer; autoplay; clipboard-write; encrypted-media; gyroscope; picture-in-picture; web-share\" allowfullscreen><\/iframe><\/div>\n","protected":false},"excerpt":{"rendered":"<p>Gustav Iden particip\u00f3 en la WTCS de Abu Dabi, donde acab\u00f3 el 52\u00ba, pero puede que sea descalificado debido a las zapatillas que utiliz\u00f3.<\/p>\n","protected":false},"author":324,"featured_media":82079,"comment_status":"closed","ping_status":"closed","sticky":false,"template":"","format":"standard","meta":{"_acf_changed":false,"rank_math_lock_modified_date":false,"footnotes":""},"categories":[17],"tags":[6386,9694,9693],"class_list":{"0":"post-82077","1":"post","2":"type-post","3":"status-publish","4":"format-standard","5":"has-post-thumbnail","7":"category-actualidad","8":"tag-gustav-iden","9":"tag-zapatillas-ilegales","10":"tag-zapatillas-on"},"acf":[],"_links":{"self":[{"href":"https:\/\/miurltemporal.com/main/triatletasenred.sport.es\/wp-json\/wp\/v2\/posts\/82077"}],"collection":[{"href":"https:\/\/miurltemporal.com/main/triatletasenred.sport.es\/wp-json\/wp\/v2\/posts"}],"about":[{"href":"https:\/\/miurltemporal.com/main/triatletasenred.sport.es\/wp-json\/wp\/v2\/types\/post"}],"author":[{"embeddable":true,"href":"https:\/\/miurltemporal.com/main/triatletasenred.sport.es\/wp-json\/wp\/v2\/users\/324"}],"replies":[{"embeddable":true,"href":"https:\/\/miurltemporal.com/main/triatletasenred.sport.es\/wp-json\/wp\/v2\/comments?post=82077"}],"version-history":[{"count":1,"href":"https:\/\/miurltemporal.com/main/triatletasenred.sport.es\/wp-json\/wp\/v2\/posts\/82077\/revisions"}],"predecessor-version":[{"id":82080,"href":"https:\/\/miurltemporal.com/main/triatletasenred.sport.es\/wp-json\/wp\/v2\/posts\/82077\/revisions\/82080"}],"wp:featuredmedia":[{"embeddable":true,"href":"https:\/\/miurltemporal.com/main/triatletasenred.sport.es\/wp-json\/wp\/v2\/media\/82079"}],"wp:attachment":[{"href":"https:\/\/miurltemporal.com/main/triatletasenred.sport.es\/wp-json\/wp\/v2\/media?parent=82077"}],"wp:term":[{"taxonomy":"category","embeddable":true,"href":"https:\/\/miurltemporal.com/main/triatletasenred.sport.es\/wp-json\/wp\/v2\/categories?post=82077"},{"taxonomy":"post_tag","embeddable":true,"href":"https:\/\/miurltemporal.com/main/triatletasenred.sport.es\/wp-json\/wp\/v2\/tags?post=82077"}],"curies":[{"name":"wp","href":"https:\/\/api.w.org\/{rel}","templated":true}]}}