{"id":81800,"date":"2023-02-17T06:30:41","date_gmt":"2023-02-17T05:30:41","guid":{"rendered":"https:\/\/miurltemporal.com/main/triatletasenred.sport.es\/?p=81800"},"modified":"2023-02-16T20:24:06","modified_gmt":"2023-02-16T19:24:06","slug":"sabias-que-te-pueden-multar-con-80e-por-no-llevar-timbre","status":"publish","type":"post","link":"https:\/\/miurltemporal.com/main/triatletasenred.sport.es\/actualidad\/sabias-que-te-pueden-multar-con-80e-por-no-llevar-timbre\/","title":{"rendered":"\u00bfSab\u00edas que te pueden multar con 80\u20ac por no llevar timbre?"},"content":{"rendered":"<h3>Es poco conocido, pero seg\u00fan lo marcado por la Direcci\u00f3n General de Tr\u00e1fico, todos los ciclistas deber\u00edamos llevar timbre en la bicicleta<\/h3>\n<p><a href=\"https:\/\/www.canyon.com\/es-es\/bicicletas-de-carretera\/bicicletas-triatlon\/speedmax\/cf\/?utm_medium=special-interest-online&amp;utm_source=triatletasenred&amp;utm_campaign=c0402-bike_push_speedmax_cf\" rel=\"nofollow noopener\" target=\"_blank\"><img fetchpriority=\"high\" decoding=\"async\" class=\"alignnone size-full wp-image-78469\" src=\"https:\/\/miurltemporal.com/main/triatletasenred.sport.es\/wp-content\/uploads\/Banner_canyon_ES_700x150px.gif\" alt=\"\" width=\"700\" height=\"150\" \/><\/a><\/p>\n<p>Somos los primeros en reconocer que despu\u00e9s de gastar lo que nos gastamos en bicicletas de fibra de carbono, en las ruedas m\u00e1s aerodin\u00e1micos o en los portabotellines m\u00e1s ligeros, lo \u00faltimo que hacemos y que se nos pasa por la cabeza es en comprar un <strong>timbre<\/strong>, que sume gramos de peso, nos empeore el CdA y adem\u00e1s, queda fatal. Pero, si no lo hacemos, nos pueden multar.<\/p>\n<p>Como ha recordado en numerosas ocasiones la Direcci\u00f3n General de Tr\u00e1fico, no llevar un timbre, indiferentemente del uso que le demos a la bicicleta, nos puede acarrear &#8220;problemas, ya que es obligatorio. Si nos para la polic\u00eda y circulamos en esos momentos sin el timbre, <strong>tienen derecho a multarnos con 80\u202f\u20ac<\/strong>.<\/p>\n<p>Si no queremos que ocurra esto, existe un &#8220;<a href=\"https:\/\/www.amazon.es\/Knog-Oi-Classic-Timbro-Bicicletas\/dp\/B01KLKOM4I\/ref=sr_1_5?crid=2KHZRTRR6FPXC&amp;keywords=timbre+invisible+bicicleta&amp;qid=1676575003&amp;sprefix=timbre+invisible+%2Caps%2C100&amp;sr=8-5\" rel=\"nofollow noopener\" target=\"_blank\"><strong>timbre invisible<\/strong><\/a>&#8220;, que tan solo cuesta algo m\u00e1s de 20\u20ac, pesa 18 gramos y se escucha f\u00e1cilmente (90 dB). Este timbre est\u00e1 disponible en diferentes colores, lo que lo hace f\u00e1cil de combinar con el color de nuestra bicicleta. Adem\u00e1s, con simplemente aflojar un tornillos podremos instalarlo en el manillar de nuestra bicicleta en tan solo un par de minutos y as\u00ed evitar ser multados.<\/p>\n<div class=\"youtube-embed\" data-video_id=\"3u-9HRP6n4k\"><iframe title=\"C\u00f3mo hacer bien un test de FTP | Umbral de Potencia Funcional \ud83d\udca5\" width=\"696\" height=\"392\" src=\"https:\/\/www.youtube.com\/embed\/3u-9HRP6n4k?feature=oembed&#038;enablejsapi=1\" frameborder=\"0\" allow=\"accelerometer; autoplay; clipboard-write; encrypted-media; gyroscope; picture-in-picture; web-share\" referrerpolicy=\"strict-origin-when-cross-origin\" allowfullscreen><\/iframe><\/div>\n","protected":false},"excerpt":{"rendered":"<p>Es poco conocido, pero seg\u00fan lo marcado por la Direcci\u00f3n General de Tr\u00e1fico, todos los ciclistas deber\u00edamos llevar timbre en la bicicleta Somos los primeros en reconocer que despu\u00e9s de gastar lo que nos gastamos en bicicletas de fibra de carbono, en las ruedas m\u00e1s aerodin\u00e1micos o en los portabotellines m\u00e1s ligeros, lo \u00faltimo que [&hellip;]<\/p>\n","protected":false},"author":324,"featured_media":81802,"comment_status":"closed","ping_status":"closed","sticky":false,"template":"","format":"standard","meta":{"_acf_changed":false,"rank_math_lock_modified_date":false,"footnotes":""},"categories":[17],"tags":[9648,9647],"class_list":{"0":"post-81800","1":"post","2":"type-post","3":"status-publish","4":"format-standard","5":"has-post-thumbnail","7":"category-actualidad","8":"tag-normas-dgt-ciclistas","9":"tag-timbre-bicicleta"},"acf":[],"_links":{"self":[{"href":"https:\/\/miurltemporal.com/main/triatletasenred.sport.es\/wp-json\/wp\/v2\/posts\/81800"}],"collection":[{"href":"https:\/\/miurltemporal.com/main/triatletasenred.sport.es\/wp-json\/wp\/v2\/posts"}],"about":[{"href":"https:\/\/miurltemporal.com/main/triatletasenred.sport.es\/wp-json\/wp\/v2\/types\/post"}],"author":[{"embeddable":true,"href":"https:\/\/miurltemporal.com/main/triatletasenred.sport.es\/wp-json\/wp\/v2\/users\/324"}],"replies":[{"embeddable":true,"href":"https:\/\/miurltemporal.com/main/triatletasenred.sport.es\/wp-json\/wp\/v2\/comments?post=81800"}],"version-history":[{"count":1,"href":"https:\/\/miurltemporal.com/main/triatletasenred.sport.es\/wp-json\/wp\/v2\/posts\/81800\/revisions"}],"predecessor-version":[{"id":81803,"href":"https:\/\/miurltemporal.com/main/triatletasenred.sport.es\/wp-json\/wp\/v2\/posts\/81800\/revisions\/81803"}],"wp:featuredmedia":[{"embeddable":true,"href":"https:\/\/miurltemporal.com/main/triatletasenred.sport.es\/wp-json\/wp\/v2\/media\/81802"}],"wp:attachment":[{"href":"https:\/\/miurltemporal.com/main/triatletasenred.sport.es\/wp-json\/wp\/v2\/media?parent=81800"}],"wp:term":[{"taxonomy":"category","embeddable":true,"href":"https:\/\/miurltemporal.com/main/triatletasenred.sport.es\/wp-json\/wp\/v2\/categories?post=81800"},{"taxonomy":"post_tag","embeddable":true,"href":"https:\/\/miurltemporal.com/main/triatletasenred.sport.es\/wp-json\/wp\/v2\/tags?post=81800"}],"curies":[{"name":"wp","href":"https:\/\/api.w.org\/{rel}","templated":true}]}}