{"id":81522,"date":"2023-02-01T09:29:51","date_gmt":"2023-02-01T08:29:51","guid":{"rendered":"https:\/\/miurltemporal.com/main/triatletasenred.sport.es\/?p=81522"},"modified":"2023-02-27T10:31:39","modified_gmt":"2023-02-27T09:31:39","slug":"confirmadoparatriatlonjjpp2028","status":"publish","type":"post","link":"https:\/\/miurltemporal.com/main/triatletasenred.sport.es\/actualidad\/confirmadoparatriatlonjjpp2028\/","title":{"rendered":"CONFIRMADO el Paratriatl\u00f3n en los Juegos Paral\u00edmpicos de Los \u00c1ngeles 2028"},"content":{"rendered":"<h3><strong>El Paratriatl\u00f3n mantiene su estatus y sigue creciendo dentro del Programa Paral\u00edmpico y ya es oficial para los JJPP de Los \u00c1ngeles 2028.<\/strong><\/h3>\n<p><\/a><\/p>\n<p>Buenas noticias para el Paratriatl\u00f3n que acaba de ser confirmado oficialmente para los Juegos Paral\u00edmpicos de Los \u00c1ngeles 2028 despu\u00e9s de que se reuniera la Junta de Gobierno del Comit\u00e9 Paral\u00edmpico Internacional, incluyendo a este en el programa de los Juegos de Los \u00c1ngeles 2028 y que han hecho publico a trav\u00e9s de un comunicado de World Triathlon.<\/p>\n<p>Este emocionante anuncio es un gran paso adelante en el reconocimiento y el crecimiento de este deporte, y es una maravillosa oportunidad para que los paratriatletas muestren sus habilidades y determinaci\u00f3n en un escenario global. Los Juegos Paral\u00edmpicos de Los \u00c1ngeles 2028 ser\u00e1n una plataforma fant\u00e1stica para que los atletas compitan, inspiren y dejen un impacto mas all\u00e1 del deportivo en todo el mundo.<\/p>\n<p>&#8220;Estamos absolutamente encantados con este anuncio&#8221;, dijo la Presidenta del Triatl\u00f3n Mundial y miembro del COI, Marisol Casado. &#8220;Esto supone una gran consolidaci\u00f3n para un proyecto que iniciamos all\u00e1 por 2008 y que tantas grandes recompensas nos ha dado&#8221;.<\/p>\n<p>&#8220;Dadas las limitaciones hasta cierto punto del programa de los Juegos Paral\u00edmpicos, es un gran logro para el Triatl\u00f3n Mundial que el Para triatl\u00f3n mantenga su estatus dentro del Programa Paral\u00edmpico, nuestros Para triatletas se lo merecen . Seguiremos invirtiendo en la creciente presencia de nuestro deporte dentro del movimiento Paral\u00edmpico, y estamos plenamente comprometidos a seguir trabajando estrechamente con el IPC y todas las partes interesadas para fortalecer nuestra presencia en los Juegos Paral\u00edmpicos, y potencialmente tratar de aumentar el n\u00famero de eventos de medallas y atletas que competir\u00e1n en Los \u00c1ngeles en 2028.&#8221; Comentaba tambi\u00e9n Casado en su entrevista.<\/p>\n<div class=\"youtube-embed\" data-video_id=\"i7xrndKbXoA\"><iframe title=\"\u00bfQu\u00e9 es el  FTP?  | A Fondo con Umbral de Potencia Funcional \ud83d\udd25\" width=\"696\" height=\"392\" src=\"https:\/\/www.youtube.com\/embed\/i7xrndKbXoA?start=1&#038;feature=oembed\" frameborder=\"0\" allow=\"accelerometer; autoplay; clipboard-write; encrypted-media; gyroscope; picture-in-picture; web-share\" referrerpolicy=\"strict-origin-when-cross-origin\" allowfullscreen><\/iframe><\/div>\n","protected":false},"excerpt":{"rendered":"<p>El Paratriatl\u00f3n mantiene su estatus y sigue creciendo dentro del Programa Paral\u00edmpico y ya es oficial para los JJPP de Los \u00c1ngeles 2028<\/p>\n","protected":false},"author":322,"featured_media":81523,"comment_status":"closed","ping_status":"closed","sticky":false,"template":"","format":"standard","meta":{"_acf_changed":false,"rank_math_lock_modified_date":false,"footnotes":""},"categories":[17],"tags":[],"class_list":{"0":"post-81522","1":"post","2":"type-post","3":"status-publish","4":"format-standard","5":"has-post-thumbnail","7":"category-actualidad"},"acf":[],"_links":{"self":[{"href":"https:\/\/miurltemporal.com/main/triatletasenred.sport.es\/wp-json\/wp\/v2\/posts\/81522"}],"collection":[{"href":"https:\/\/miurltemporal.com/main/triatletasenred.sport.es\/wp-json\/wp\/v2\/posts"}],"about":[{"href":"https:\/\/miurltemporal.com/main/triatletasenred.sport.es\/wp-json\/wp\/v2\/types\/post"}],"author":[{"embeddable":true,"href":"https:\/\/miurltemporal.com/main/triatletasenred.sport.es\/wp-json\/wp\/v2\/users\/322"}],"replies":[{"embeddable":true,"href":"https:\/\/miurltemporal.com/main/triatletasenred.sport.es\/wp-json\/wp\/v2\/comments?post=81522"}],"version-history":[{"count":1,"href":"https:\/\/miurltemporal.com/main/triatletasenred.sport.es\/wp-json\/wp\/v2\/posts\/81522\/revisions"}],"predecessor-version":[{"id":81524,"href":"https:\/\/miurltemporal.com/main/triatletasenred.sport.es\/wp-json\/wp\/v2\/posts\/81522\/revisions\/81524"}],"wp:featuredmedia":[{"embeddable":true,"href":"https:\/\/miurltemporal.com/main/triatletasenred.sport.es\/wp-json\/wp\/v2\/media\/81523"}],"wp:attachment":[{"href":"https:\/\/miurltemporal.com/main/triatletasenred.sport.es\/wp-json\/wp\/v2\/media?parent=81522"}],"wp:term":[{"taxonomy":"category","embeddable":true,"href":"https:\/\/miurltemporal.com/main/triatletasenred.sport.es\/wp-json\/wp\/v2\/categories?post=81522"},{"taxonomy":"post_tag","embeddable":true,"href":"https:\/\/miurltemporal.com/main/triatletasenred.sport.es\/wp-json\/wp\/v2\/tags?post=81522"}],"curies":[{"name":"wp","href":"https:\/\/api.w.org\/{rel}","templated":true}]}}