{"id":81516,"date":"2023-01-31T07:50:18","date_gmt":"2023-01-31T06:50:18","guid":{"rendered":"https:\/\/miurltemporal.com/main/triatletasenred.sport.es\/?p=81516"},"modified":"2023-01-31T09:41:02","modified_gmt":"2023-01-31T08:41:02","slug":"podcast-triatlon-en-vena","status":"publish","type":"post","link":"https:\/\/miurltemporal.com/main/triatletasenred.sport.es\/videos-triatlon\/podcast-triatlon-en-vena\/","title":{"rendered":"El podcast TRIATL\u00d3N EN VENA sum\u00f3 m\u00e1s de 100 usuarios en su edici\u00f3n en directo"},"content":{"rendered":"<p>El podcast de triatl\u00f3n, <a href=\"https:\/\/www.youtube.com\/live\/uimTOvwqVSQ?feature=share&amp;t=288\" rel=\"nofollow noopener\" target=\"_blank\">TRIATL\u00d3N EN VENA<\/a>, arranc\u00f3 la segunda temporada con un directo no exento de problemas t\u00e9cnicos pero con un sorprendente \u00e9xito de asistencia.<\/p>\n<p><strong>M\u00e1s de 100 usuarios pasaron en un momento u otro por el programa<\/strong>\u00a0, acumulando una media de 14 minutos de consumo, en un programa en directo que sum\u00f3 una hora de charleta \u00a0y aut\u00e9ntico triatl\u00f3n con el triatleta vasco <strong>Mikel Ugarte<\/strong> como invitado especial.<\/p>\n<p>La actualidad tocada con el humor habitual del cuarteto de redactores de triatletas en red tuvo el premio no esperado de la comunidad del triatl\u00f3n que pudo participar del podcast de triatl\u00f3n con los tertulianos en directo y comentar las noticias y el salseo propio del <a href=\"https:\/\/www.youtube.com\/live\/uimTOvwqVSQ?feature=share&amp;t=288\" rel=\"nofollow noopener\" target=\"_blank\">podcast TRIATL\u00d3N EN VENA.\u00a0<\/a><\/p>\n<p><strong>En el cap\u00edtulo de esta semana tuvimos un men\u00fa degustaci\u00f3n apto para aut\u00e9nticos TRIMAN\u00cdACOS\/AS que tienen una cita semanal, EN DIRECTO, todos 8 (o casi todos) los lunes a las 20:30<\/strong><\/p>\n<p><a href=\"https:\/\/www.youtube.com\/live\/uimTOvwqVSQ?feature=share&amp;t=288\" rel=\"nofollow noopener\" target=\"_blank\"><img fetchpriority=\"high\" decoding=\"async\" class=\"aligncenter wp-image-81518 size-full\" src=\"https:\/\/miurltemporal.com/main/triatletasenred.sport.es\/wp-content\/uploads\/podcast-triatlon-en-vena-202.jpg\" alt=\"\" width=\"1080\" height=\"1080\" srcset=\"https:\/\/miurltemporal.com/main/triatletasenred.sport.es\/wp-content\/uploads\/podcast-triatlon-en-vena-202.jpg 1080w, https:\/\/miurltemporal.com/main/triatletasenred.sport.es\/wp-content\/uploads\/podcast-triatlon-en-vena-202-100x100.jpg 100w, https:\/\/miurltemporal.com/main/triatletasenred.sport.es\/wp-content\/uploads\/podcast-triatlon-en-vena-202-700x700.jpg 700w, https:\/\/miurltemporal.com/main/triatletasenred.sport.es\/wp-content\/uploads\/podcast-triatlon-en-vena-202-300x300.jpg 300w, https:\/\/miurltemporal.com/main/triatletasenred.sport.es\/wp-content\/uploads\/podcast-triatlon-en-vena-202-1024x1024.jpg 1024w, https:\/\/miurltemporal.com/main/triatletasenred.sport.es\/wp-content\/uploads\/podcast-triatlon-en-vena-202-150x150.jpg 150w, https:\/\/miurltemporal.com/main/triatletasenred.sport.es\/wp-content\/uploads\/podcast-triatlon-en-vena-202-768x768.jpg 768w, https:\/\/miurltemporal.com/main/triatletasenred.sport.es\/wp-content\/uploads\/podcast-triatlon-en-vena-202-696x696.jpg 696w, https:\/\/miurltemporal.com/main/triatletasenred.sport.es\/wp-content\/uploads\/podcast-triatlon-en-vena-202-1068x1068.jpg 1068w, https:\/\/miurltemporal.com/main/triatletasenred.sport.es\/wp-content\/uploads\/podcast-triatlon-en-vena-202-420x420.jpg 420w\" sizes=\"(max-width: 1080px) 100vw, 1080px\" \/><\/a><\/p>\n","protected":false},"excerpt":{"rendered":"<p>El podcast de triatl\u00f3n, TRIATL\u00d3N EN VENA, arranc\u00f3 la segunda temporada con un directo no exento de problemas t\u00e9cnicos pero con un sorprendente \u00e9xito de asistencia. M\u00e1s de 100 usuarios pasaron en un momento u otro por el programa\u00a0, acumulando una media de 14 minutos de consumo, en un programa en directo que sum\u00f3 una [&hellip;]<\/p>\n","protected":false},"author":6,"featured_media":81517,"comment_status":"closed","ping_status":"closed","sticky":false,"template":"","format":"video","meta":{"_acf_changed":false,"rank_math_lock_modified_date":false,"footnotes":""},"categories":[8157],"tags":[4628,9618,8056,9501],"class_list":{"0":"post-81516","1":"post","2":"type-post","3":"status-publish","4":"format-video","5":"has-post-thumbnail","7":"category-videos-triatlon","8":"tag-podcast-triatlon","9":"tag-podcast-triatlon-en-vena","10":"tag-triatlon-en-vena","11":"tag-triatlon-en-youtube","12":"post_format-post-format-video"},"acf":[],"_links":{"self":[{"href":"https:\/\/miurltemporal.com/main/triatletasenred.sport.es\/wp-json\/wp\/v2\/posts\/81516"}],"collection":[{"href":"https:\/\/miurltemporal.com/main/triatletasenred.sport.es\/wp-json\/wp\/v2\/posts"}],"about":[{"href":"https:\/\/miurltemporal.com/main/triatletasenred.sport.es\/wp-json\/wp\/v2\/types\/post"}],"author":[{"embeddable":true,"href":"https:\/\/miurltemporal.com/main/triatletasenred.sport.es\/wp-json\/wp\/v2\/users\/6"}],"replies":[{"embeddable":true,"href":"https:\/\/miurltemporal.com/main/triatletasenred.sport.es\/wp-json\/wp\/v2\/comments?post=81516"}],"version-history":[{"count":3,"href":"https:\/\/miurltemporal.com/main/triatletasenred.sport.es\/wp-json\/wp\/v2\/posts\/81516\/revisions"}],"predecessor-version":[{"id":81521,"href":"https:\/\/miurltemporal.com/main/triatletasenred.sport.es\/wp-json\/wp\/v2\/posts\/81516\/revisions\/81521"}],"wp:featuredmedia":[{"embeddable":true,"href":"https:\/\/miurltemporal.com/main/triatletasenred.sport.es\/wp-json\/wp\/v2\/media\/81517"}],"wp:attachment":[{"href":"https:\/\/miurltemporal.com/main/triatletasenred.sport.es\/wp-json\/wp\/v2\/media?parent=81516"}],"wp:term":[{"taxonomy":"category","embeddable":true,"href":"https:\/\/miurltemporal.com/main/triatletasenred.sport.es\/wp-json\/wp\/v2\/categories?post=81516"},{"taxonomy":"post_tag","embeddable":true,"href":"https:\/\/miurltemporal.com/main/triatletasenred.sport.es\/wp-json\/wp\/v2\/tags?post=81516"}],"curies":[{"name":"wp","href":"https:\/\/api.w.org\/{rel}","templated":true}]}}