{"id":81268,"date":"2023-01-16T02:16:19","date_gmt":"2023-01-16T01:16:19","guid":{"rendered":"https:\/\/miurltemporal.com/main/triatletasenred.sport.es\/?p=81268"},"modified":"2023-01-16T02:16:19","modified_gmt":"2023-01-16T01:16:19","slug":"grandes-marcas-para-los-triatletas-en-la-10k-de-valencia","status":"publish","type":"post","link":"https:\/\/miurltemporal.com/main/triatletasenred.sport.es\/actualidad\/grandes-marcas-para-los-triatletas-en-la-10k-de-valencia\/","title":{"rendered":"Grandes marcas para los triatletas en la 10k de Valencia"},"content":{"rendered":"<h3>Triatletas de todas partes de Espa\u00f1a se desplazaron el pasado fin de semana hasta Valencia para colgarse el primer dorsal de la temporada.<\/h3>\n<p><a href=\"https:\/\/zone3.es\/\" rel=\"nofollow noopener\" target=\"_blank\"><img fetchpriority=\"high\" decoding=\"async\" class=\"alignnone size-full wp-image-66903\" src=\"https:\/\/miurltemporal.com/main/triatletasenred.sport.es\/wp-content\/uploads\/Banner-Zone3-746x149px.gif\" alt=\"\" width=\"746\" height=\"149\" \/><\/a><\/p>\n<p>Duatletas, triatletas, tanto de corta como de media y larga distancia, se desplazaron este pasado fin de semana hasta la &#8220;terreta&#8221; para participar <strong>en uno de los 10k m\u00e1s r\u00e1pidos<\/strong>, si no el que m\u00e1s, de Espa\u00f1a.<\/p>\n<p>El primer dorsal y calent\u00f3n del a\u00f1o, para la mayor\u00eda, comenz\u00f3 <strong>algo tr\u00e1gico por culpa una ca\u00edda masiva en los primeros metros<\/strong>, que provoc\u00f3 muchos nervios, heridas y algunas perdidas o roturas de material, como el caso del triatleta Miguel Risco, al que se le raj\u00f3 una de las zapatillas.<\/p>\n<h3>Clasificaci\u00f3n de los mejores triatletas espa\u00f1oles en el 10k de Valencia<\/h3>\n<p>A pesar de la ca\u00edda, y algo de viento, los triatletas consiguieron colarse muy adelante entre los atletas. El primero en cruzar la meta fue el madrile\u00f1o <strong>Javier Mart\u00edn (29&#8217;22&#8221;)<\/strong>, a tan solo unos segundos de la primera mujer. Tras una gran actuaci\u00f3n en la pasada marat\u00f3n, <strong>Josep G\u00f3mez (30&#8217;22&#8221;)<\/strong>, era el segundo mejor triatleta espa\u00f1ol.<\/p>\n<p>Muy cerca de G\u00f3mez, quien a pesar de su tiempo no consegu\u00eda entrar ni entre los 100 mejores del d\u00eda, entraban <strong>Diego M\u00e9ntrida (30&#8217;26&#8221;), Alberto Romero (30&#8217;34&#8221;), Pol Espinosa (30&#8217;41&#8221;), Gonzalo Fuentes (30&#8217;48&#8221;) y Miguel Risco (31&#8217;03&#8221;) <\/strong>-tiempos reales.<\/p>\n<h3>Victoria para Paula Herrero en el 5k de Valencia<\/h3>\n<p>En mujeres cabe destacar la actuaci\u00f3n de <strong>Paula Herrero<\/strong>, quien no deja de asombrar a todos, tanto en atletismo como en triatl\u00f3n, con sus marcas en la carrera a pie. Herrero tom\u00f3 la salida en el 5k -prueba que se disputaba justo antes- y consigui\u00f3 llevarse la <strong>victoria con un tiempo de 16&#8217;10&#8221;<\/strong>, terminando la 13\u00aa de la clasificaci\u00f3n general.<\/p>\n<p><strong>Joselyn Brea<\/strong>, extriatleta ahora centrada en el atletismo, corri\u00f3 el 10k en un tiempo de <strong>32&#8217;01&#8221;<\/strong>, lo que le permiti\u00f3 acabar la 13\u00aa en categor\u00eda femenina.<\/p>\n<p>Pod\u00e9is consultar las clasificaciones en el siguiente <a href=\"https:\/\/sportmaniacs.com\/es\/races\/xv-10k-valencia-ibercaja-2023\" rel=\"nofollow noopener\" target=\"_blank\">enlace<\/a>.<\/p>\n<div class=\"youtube-embed\" data-video_id=\"JzHoJ3znwzU\"><iframe title=\"Sara P\u00e9rez Sala, esfuerzo y PASI\u00d3N por el TRIATL\u00d3N! \ud83d\udcaa\ud83c\udffb\" width=\"696\" height=\"392\" src=\"https:\/\/www.youtube.com\/embed\/JzHoJ3znwzU?start=550&#038;feature=oembed\" frameborder=\"0\" allow=\"accelerometer; autoplay; clipboard-write; encrypted-media; gyroscope; picture-in-picture; web-share\" referrerpolicy=\"strict-origin-when-cross-origin\" allowfullscreen><\/iframe><\/div>\n","protected":false},"excerpt":{"rendered":"<p>Triatletas de todas partes de Espa\u00f1a se desplazaron el pasado fin de semana hasta Valencia para colgarse el primer dorsal de la temporada. Duatletas, triatletas, tanto de corta como de media y larga distancia, se desplazaron este pasado fin de semana hasta la &#8220;terreta&#8221; para participar en uno de los 10k m\u00e1s r\u00e1pidos, si no [&hellip;]<\/p>\n","protected":false},"author":324,"featured_media":81272,"comment_status":"closed","ping_status":"closed","sticky":false,"template":"","format":"standard","meta":{"_acf_changed":false,"rank_math_lock_modified_date":false,"footnotes":""},"categories":[17],"tags":[6485,8417,9415],"class_list":{"0":"post-81268","1":"post","2":"type-post","3":"status-publish","4":"format-standard","5":"has-post-thumbnail","7":"category-actualidad","8":"tag-10k-valencia","9":"tag-diego-mentrida","10":"tag-paula-herrero"},"acf":[],"_links":{"self":[{"href":"https:\/\/miurltemporal.com/main/triatletasenred.sport.es\/wp-json\/wp\/v2\/posts\/81268"}],"collection":[{"href":"https:\/\/miurltemporal.com/main/triatletasenred.sport.es\/wp-json\/wp\/v2\/posts"}],"about":[{"href":"https:\/\/miurltemporal.com/main/triatletasenred.sport.es\/wp-json\/wp\/v2\/types\/post"}],"author":[{"embeddable":true,"href":"https:\/\/miurltemporal.com/main/triatletasenred.sport.es\/wp-json\/wp\/v2\/users\/324"}],"replies":[{"embeddable":true,"href":"https:\/\/miurltemporal.com/main/triatletasenred.sport.es\/wp-json\/wp\/v2\/comments?post=81268"}],"version-history":[{"count":1,"href":"https:\/\/miurltemporal.com/main/triatletasenred.sport.es\/wp-json\/wp\/v2\/posts\/81268\/revisions"}],"predecessor-version":[{"id":81273,"href":"https:\/\/miurltemporal.com/main/triatletasenred.sport.es\/wp-json\/wp\/v2\/posts\/81268\/revisions\/81273"}],"wp:featuredmedia":[{"embeddable":true,"href":"https:\/\/miurltemporal.com/main/triatletasenred.sport.es\/wp-json\/wp\/v2\/media\/81272"}],"wp:attachment":[{"href":"https:\/\/miurltemporal.com/main/triatletasenred.sport.es\/wp-json\/wp\/v2\/media?parent=81268"}],"wp:term":[{"taxonomy":"category","embeddable":true,"href":"https:\/\/miurltemporal.com/main/triatletasenred.sport.es\/wp-json\/wp\/v2\/categories?post=81268"},{"taxonomy":"post_tag","embeddable":true,"href":"https:\/\/miurltemporal.com/main/triatletasenred.sport.es\/wp-json\/wp\/v2\/tags?post=81268"}],"curies":[{"name":"wp","href":"https:\/\/api.w.org\/{rel}","templated":true}]}}