{"id":81261,"date":"2023-01-14T20:05:10","date_gmt":"2023-01-14T19:05:10","guid":{"rendered":"https:\/\/miurltemporal.com/main/triatletasenred.sport.es\/?p=81261"},"modified":"2023-01-13T20:46:25","modified_gmt":"2023-01-13T19:46:25","slug":"la-pto-estrena-el-documental-del-pto-tour-2022","status":"publish","type":"post","link":"https:\/\/miurltemporal.com/main/triatletasenred.sport.es\/actualidad\/la-pto-estrena-el-documental-del-pto-tour-2022\/","title":{"rendered":"La PTO estrena el documental del PTO Tour 2022"},"content":{"rendered":"<h3>La Professional Triathletes Organisation ha presentado este s\u00e1bado el documental que ense\u00f1a desde dentro c\u00f3mo ha sido la primera edici\u00f3n del PTO Tour.<\/h3>\n<p><\/a><\/p>\n<p>En 2022 se vivi\u00f3 un antes y despu\u00e9s en el triatl\u00f3n con la llegada de la primera edici\u00f3n del PTO Tour, donde pudimos disfrutar de los mejores triatletas profesionales del mundo, unidos a la vez que enfrentados, por los grandes premios en met\u00e1lico que se han repartido a lo largo<\/p>\n<p>Con este nuevo formato de competici\u00f3n, la PTO consigui\u00f3 permitirnos disfrutar de algunas de las mejores carreras jam\u00e1s vistas, ya que el nivel de los triatletas que formaron parte de los eventos era pr\u00e1cticamente imposible de ver fuera de un campeonato del mundo.<\/p>\n<p>El a\u00f1o comenz\u00f3 en mayo para la PTO con el Herbalife24 Los Angeles Triathlon PTO Pro Am, donde seis triatletas profesionales compitieron junto con los atletas de Challenged Athlete Foundation y algunos invitados especiales, en una carrera de relevos \u00fanica por las calles de Downton LA.<\/p>\n<div class=\"youtube-embed\" data-video_id=\"zpt0RpKAfQA\"><iframe title=\"Triathlon will never be the same again | The 2022 PTO Tour Documentary\" width=\"696\" height=\"392\" src=\"https:\/\/www.youtube.com\/embed\/zpt0RpKAfQA?feature=oembed&#038;enablejsapi=1\" frameborder=\"0\" allow=\"accelerometer; autoplay; clipboard-write; encrypted-media; gyroscope; picture-in-picture; web-share\" allowfullscreen><\/iframe><\/div>\n<p>El PTO Canadian Open fue la prueba encargada de inaugurar el PTO Open, antes de que la segunda edici\u00f3n de la Copa Collins celebrada Eslovaquia viera al Equipo de Europa repetir triunfo ante el Equipo Internacional y el Equipo de EE. UU.<\/p>\n<p>Para finalizar esta primera edici\u00f3n, Dallas acogi\u00f3 el PTO US Open bajo un calor abrasador, una vez m\u00e1s, llevando al l\u00edmite a los mejores triatletas del mundo en dos carreras llenas de cambios e imprevistos, que ser\u00e1n recordadas durante mucho tiempo.<\/p>\n<p>&#8220;Una cosa es segura. El triatl\u00f3n nunca volver\u00e1 a ser el mismo.&#8221;<\/p>\n<p>https:\/\/www.youtube.com\/watch?v=JzHoJ3znwzU<\/p>\n","protected":false},"excerpt":{"rendered":"<p>La Professional Triathletes Organisation ha presentado este s\u00e1bado el documental que ense\u00f1a desde dentro c\u00f3mo ha sido la primera edici\u00f3n del PTO Tour.<\/p>\n","protected":false},"author":324,"featured_media":81262,"comment_status":"closed","ping_status":"closed","sticky":false,"template":"","format":"standard","meta":{"_acf_changed":false,"rank_math_lock_modified_date":false,"footnotes":""},"categories":[17],"tags":[7562],"class_list":{"0":"post-81261","1":"post","2":"type-post","3":"status-publish","4":"format-standard","5":"has-post-thumbnail","7":"category-actualidad","8":"tag-pto"},"acf":[],"_links":{"self":[{"href":"https:\/\/miurltemporal.com/main/triatletasenred.sport.es\/wp-json\/wp\/v2\/posts\/81261"}],"collection":[{"href":"https:\/\/miurltemporal.com/main/triatletasenred.sport.es\/wp-json\/wp\/v2\/posts"}],"about":[{"href":"https:\/\/miurltemporal.com/main/triatletasenred.sport.es\/wp-json\/wp\/v2\/types\/post"}],"author":[{"embeddable":true,"href":"https:\/\/miurltemporal.com/main/triatletasenred.sport.es\/wp-json\/wp\/v2\/users\/324"}],"replies":[{"embeddable":true,"href":"https:\/\/miurltemporal.com/main/triatletasenred.sport.es\/wp-json\/wp\/v2\/comments?post=81261"}],"version-history":[{"count":3,"href":"https:\/\/miurltemporal.com/main/triatletasenred.sport.es\/wp-json\/wp\/v2\/posts\/81261\/revisions"}],"predecessor-version":[{"id":81265,"href":"https:\/\/miurltemporal.com/main/triatletasenred.sport.es\/wp-json\/wp\/v2\/posts\/81261\/revisions\/81265"}],"wp:featuredmedia":[{"embeddable":true,"href":"https:\/\/miurltemporal.com/main/triatletasenred.sport.es\/wp-json\/wp\/v2\/media\/81262"}],"wp:attachment":[{"href":"https:\/\/miurltemporal.com/main/triatletasenred.sport.es\/wp-json\/wp\/v2\/media?parent=81261"}],"wp:term":[{"taxonomy":"category","embeddable":true,"href":"https:\/\/miurltemporal.com/main/triatletasenred.sport.es\/wp-json\/wp\/v2\/categories?post=81261"},{"taxonomy":"post_tag","embeddable":true,"href":"https:\/\/miurltemporal.com/main/triatletasenred.sport.es\/wp-json\/wp\/v2\/tags?post=81261"}],"curies":[{"name":"wp","href":"https:\/\/api.w.org\/{rel}","templated":true}]}}