{"id":81196,"date":"2023-01-09T20:23:08","date_gmt":"2023-01-09T19:23:08","guid":{"rendered":"https:\/\/miurltemporal.com/main/triatletasenred.sport.es\/?p=81196"},"modified":"2023-01-09T20:23:08","modified_gmt":"2023-01-09T19:23:08","slug":"gurutze-frades-vuelve-a-proclamarse-campeona-de-bizkaia-de-cross","status":"publish","type":"post","link":"https:\/\/miurltemporal.com/main/triatletasenred.sport.es\/actualidad\/gurutze-frades-vuelve-a-proclamarse-campeona-de-bizkaia-de-cross\/","title":{"rendered":"Gurutze Frades vuelve a proclamarse campeona de Bizkaia de Cross"},"content":{"rendered":"<h3>Como cada a\u00f1o, la triatleta profesional Gurutze Frades comienza la temporada compitiendo en campo a trav\u00e9s, y ganando.<\/h3>\n<p><a href=\"https:\/\/zone3.es\/\" rel=\"nofollow noopener\" target=\"_blank\"><img fetchpriority=\"high\" decoding=\"async\" class=\"alignnone size-full wp-image-66903\" src=\"https:\/\/miurltemporal.com/main/triatletasenred.sport.es\/wp-content\/uploads\/Banner-Zone3-746x149px.gif\" alt=\"\" width=\"746\" height=\"149\" \/><\/a><\/p>\n<p>Ya con el slot para Kona 2023 bajo el brazo, Gurutze Frades ha comenzado el a\u00f1o compitiendo, como ya viene siendo habitual, el Campeonato de Bizkaia de Cross, el cual se ha disputado este domingo 8 de enero en la localidad de Ortuella.<\/p>\n<p>Al igual que ya ocurri\u00f3 el a\u00f1o pasado, la triatleta vizca\u00edna se llev\u00f3 la victoria. Esperemos que esto sea una se\u00f1al de que esta temporada le va a ir, m\u00ednimo, igual de bien que la anterior.<\/p>\n<p>Esto es lo que ha compartido Gurutze Frades en sus redes tras la carrera:<\/p>\n<p>&#8220;Campeonato de Bizkaia de Cross #txapeldun<\/p>\n<p>La competici\u00f3n me sigue recompensando y hoy sumo un t\u00edtulo nuevo a mi palmar\u00e9s &#x1f917;<br \/>\nLlevo muchos a\u00f1os arrancando la temporada compitiendo en cross, siempre con el entrenamiento justo por la parte de la temporada que me toca y siempre con mucho respeto por el sufrimiento que hay en este tipo de competiciones, aunque cada a\u00f1o he estado disputando en el podio. Hoy, tambi\u00e9n, llegaba con los mismos miedos de siempre o m\u00e1s, pero el desenlace no ha podido ser mejor!&#8221;<\/p>\n<div class=\"youtube-embed\" data-video_id=\"z86HYOQ9t3I\"><iframe title=\"TRIATL\u00d3N REWIND \u23ea Lo mejor de 2022 con FINAL FELIZ \ud83d\ude0e\" width=\"696\" height=\"392\" src=\"https:\/\/www.youtube.com\/embed\/z86HYOQ9t3I?feature=oembed&#038;enablejsapi=1\" frameborder=\"0\" allow=\"accelerometer; autoplay; clipboard-write; encrypted-media; gyroscope; picture-in-picture; web-share\" referrerpolicy=\"strict-origin-when-cross-origin\" allowfullscreen><\/iframe><\/div>\n","protected":false},"excerpt":{"rendered":"<p>Como cada a\u00f1o, la triatleta profesional Gurutze Frades comienza la temporada compitiendo en campo a trav\u00e9s, y ganando.<\/p>\n","protected":false},"author":324,"featured_media":81198,"comment_status":"closed","ping_status":"closed","sticky":false,"template":"","format":"standard","meta":{"_acf_changed":false,"rank_math_lock_modified_date":false,"footnotes":""},"categories":[17],"tags":[1042],"class_list":{"0":"post-81196","1":"post","2":"type-post","3":"status-publish","4":"format-standard","5":"has-post-thumbnail","7":"category-actualidad","8":"tag-gurutze-frades"},"acf":[],"_links":{"self":[{"href":"https:\/\/miurltemporal.com/main/triatletasenred.sport.es\/wp-json\/wp\/v2\/posts\/81196"}],"collection":[{"href":"https:\/\/miurltemporal.com/main/triatletasenred.sport.es\/wp-json\/wp\/v2\/posts"}],"about":[{"href":"https:\/\/miurltemporal.com/main/triatletasenred.sport.es\/wp-json\/wp\/v2\/types\/post"}],"author":[{"embeddable":true,"href":"https:\/\/miurltemporal.com/main/triatletasenred.sport.es\/wp-json\/wp\/v2\/users\/324"}],"replies":[{"embeddable":true,"href":"https:\/\/miurltemporal.com/main/triatletasenred.sport.es\/wp-json\/wp\/v2\/comments?post=81196"}],"version-history":[{"count":1,"href":"https:\/\/miurltemporal.com/main/triatletasenred.sport.es\/wp-json\/wp\/v2\/posts\/81196\/revisions"}],"predecessor-version":[{"id":81199,"href":"https:\/\/miurltemporal.com/main/triatletasenred.sport.es\/wp-json\/wp\/v2\/posts\/81196\/revisions\/81199"}],"wp:featuredmedia":[{"embeddable":true,"href":"https:\/\/miurltemporal.com/main/triatletasenred.sport.es\/wp-json\/wp\/v2\/media\/81198"}],"wp:attachment":[{"href":"https:\/\/miurltemporal.com/main/triatletasenred.sport.es\/wp-json\/wp\/v2\/media?parent=81196"}],"wp:term":[{"taxonomy":"category","embeddable":true,"href":"https:\/\/miurltemporal.com/main/triatletasenred.sport.es\/wp-json\/wp\/v2\/categories?post=81196"},{"taxonomy":"post_tag","embeddable":true,"href":"https:\/\/miurltemporal.com/main/triatletasenred.sport.es\/wp-json\/wp\/v2\/tags?post=81196"}],"curies":[{"name":"wp","href":"https:\/\/api.w.org\/{rel}","templated":true}]}}