{"id":81193,"date":"2023-01-10T00:08:54","date_gmt":"2023-01-09T23:08:54","guid":{"rendered":"https:\/\/miurltemporal.com/main/triatletasenred.sport.es\/?p=81193"},"modified":"2023-01-10T00:16:48","modified_gmt":"2023-01-09T23:16:48","slug":"zarauzko-triatloia-en-el-posible-calendario-de-sebastian-kienle","status":"publish","type":"post","link":"https:\/\/miurltemporal.com/main/triatletasenred.sport.es\/actualidad\/zarauzko-triatloia-en-el-posible-calendario-de-sebastian-kienle\/","title":{"rendered":"Zarauzko Triatloia en el punto de mira de Sebastian Kienle"},"content":{"rendered":"<h3 style=\"font-weight: 400;\">Sebastian Kienle nos da pistas de las carreras en las que podr\u00eda tomar parte en el a\u00f1o de su retirada<\/h3>\n<p style=\"font-weight: 400;\"><\/a><\/p>\n<p style=\"font-weight: 400;\">Hace meses que Sebastian Kienle anunci\u00f3 que el <strong>2023 iba ser su \u00faltimo a\u00f1o como triatleta profesional<\/strong> y que disfrutar\u00eda de nuevas carreras que nunca ha podido hacer debido a su calendario y que volver\u00eda a aquellas que m\u00e1s le han gustado.<\/p>\n<p style=\"font-weight: 400;\">Pues bien, en su \u00faltimo v\u00eddeo subido a su canal de YouTube, Sebastian Kienle nos ha dado algunas pistas de cuales pueden ser esas carreras. El campe\u00f3n del mundo Ironman 2014 ha dejado claro que <em>\u201clo que quiero hacer es <strong>disfrutar al m\u00e1ximo \u00e9ste \u00faltimo a\u00f1o<\/strong> porque luego termina el triatl\u00f3n profesional para mi. Todos los a\u00f1os me digo que siempre hay un a\u00f1o m\u00e1s, que esta carrera la puedo hacer el pr\u00f3ximo a\u00f1o. Pero ahora ya no, ya no hay otro a\u00f1o m\u00e1s\u201d.<\/em><\/p>\n<h3 style=\"font-weight: 400;\">Posibles carreras para el 2023<\/h3>\n<p style=\"font-weight: 400;\">El bicampe\u00f3n del mundo de Ironman 70.3 ha dejado ver cuales son aquellas carreras que le gustar\u00eda disputar. <em>\u201cSabiendo que es mi \u00faltimo a\u00f1o, puedo disfrutar un poco m\u00e1s y hacer cosas que no he hecho, <strong>ir a carreras que no he podido ir<\/strong> e incluso ir al lugar donde empez\u00f3 todo. <strong>Este es mi prop\u00f3sito para el 2023<\/strong> y aunque no pueda estar en todas las carreras que me gustar\u00eda, espero poder estar en muchas de ellas\u201d<\/em>. Con ello, Kienle sobre su pizarra ha escrito algunas carreras que pueden estar en su calendario del 2023 entre las que esta <strong>\u201cZarauzko Triatloia\u201d.<\/strong><\/p>\n<ul>\n<li>Ironman Canad\u00e1<\/li>\n<li>Ironman Lanzarote<\/li>\n<li>Ironman Niza<\/li>\n<li>Zarauzko Triatloia<\/li>\n<li>Challenge Roth<\/li>\n<li>Challenge Wanaka<\/li>\n<li>Ironman Taupo<\/li>\n<li>Embrunman<\/li>\n<li>Alpe D\u00b4huez<\/li>\n<\/ul>\n<p style=\"font-weight: 400;\">Adem\u00e1s, el alem\u00e1n da las gracias por <em>\u201cpoder terminar mi carrera donde yo elija puesto que muchos compa\u00f1eros no han podido decidirlo\u201d<\/em> y dice sentirse ilusionado <em>\u201crecuerdo cuando hice mi primer 70.3 y durante muchos meses antes estuve pensando sobre todos los detalles de esa carrera. Ahora siento lo mismo con las carreras que me vienen y esto me hace sentir como si tuviera 21 a\u00f1os\u201d<\/em><\/p>\n<h3 style=\"font-weight: 400;\">Calendario oficial 2023 de Sebastian Kienle<\/h3>\n<p style=\"font-weight: 400;\">A\u00fan s\u00f3lo sabemos que Sebastian Kienle ser\u00e1 de la partida en el Challenge Wanaka el pr\u00f3ximo 18 de febrero, carrera que ten\u00eda anotada en su pizarra de posibles carreras 2023 junto a Zarauzko Triatloia, por lo que poder ver al alem\u00e1n en la m\u00edtica prueba de nuestro pa\u00eds tiene muchas probabilidades. Estaremos atentos y ojal\u00e1 podamos oficializar su participaci\u00f3n en Zarauz.<\/p>\n<div class=\"youtube-embed\" data-video_id=\"fy9F_MXaios\"><iframe title=\"El \u00faltimo baile de ENEKO LLANOS \ud83d\udd7a : El Kaiser AL APARATO!\" width=\"696\" height=\"392\" src=\"https:\/\/www.youtube.com\/embed\/fy9F_MXaios?feature=oembed&#038;enablejsapi=1\" frameborder=\"0\" allow=\"accelerometer; autoplay; clipboard-write; encrypted-media; gyroscope; picture-in-picture; web-share\" referrerpolicy=\"strict-origin-when-cross-origin\" allowfullscreen><\/iframe><\/div>\n","protected":false},"excerpt":{"rendered":"<p>Sebastian Kienle nos da pistas de las carreras en las que podr\u00eda tomar parte en el a\u00f1o de su retirada Hace meses que Sebastian Kienle anunci\u00f3 que el 2023 iba ser su \u00faltimo a\u00f1o como triatleta profesional y que disfrutar\u00eda de nuevas carreras que nunca ha podido hacer debido a su calendario y que volver\u00eda [&hellip;]<\/p>\n","protected":false},"author":325,"featured_media":61924,"comment_status":"closed","ping_status":"closed","sticky":false,"template":"","format":"standard","meta":{"_acf_changed":false,"rank_math_lock_modified_date":false,"footnotes":""},"categories":[17],"tags":[6045,2248,716],"class_list":{"0":"post-81193","1":"post","2":"type-post","3":"status-publish","4":"format-standard","5":"has-post-thumbnail","7":"category-actualidad","8":"tag-challenge-wanaka","9":"tag-sebastian-kienle","10":"tag-zarauzko-triatloia"},"acf":[],"_links":{"self":[{"href":"https:\/\/miurltemporal.com/main/triatletasenred.sport.es\/wp-json\/wp\/v2\/posts\/81193"}],"collection":[{"href":"https:\/\/miurltemporal.com/main/triatletasenred.sport.es\/wp-json\/wp\/v2\/posts"}],"about":[{"href":"https:\/\/miurltemporal.com/main/triatletasenred.sport.es\/wp-json\/wp\/v2\/types\/post"}],"author":[{"embeddable":true,"href":"https:\/\/miurltemporal.com/main/triatletasenred.sport.es\/wp-json\/wp\/v2\/users\/325"}],"replies":[{"embeddable":true,"href":"https:\/\/miurltemporal.com/main/triatletasenred.sport.es\/wp-json\/wp\/v2\/comments?post=81193"}],"version-history":[{"count":5,"href":"https:\/\/miurltemporal.com/main/triatletasenred.sport.es\/wp-json\/wp\/v2\/posts\/81193\/revisions"}],"predecessor-version":[{"id":81203,"href":"https:\/\/miurltemporal.com/main/triatletasenred.sport.es\/wp-json\/wp\/v2\/posts\/81193\/revisions\/81203"}],"wp:featuredmedia":[{"embeddable":true,"href":"https:\/\/miurltemporal.com/main/triatletasenred.sport.es\/wp-json\/wp\/v2\/media\/61924"}],"wp:attachment":[{"href":"https:\/\/miurltemporal.com/main/triatletasenred.sport.es\/wp-json\/wp\/v2\/media?parent=81193"}],"wp:term":[{"taxonomy":"category","embeddable":true,"href":"https:\/\/miurltemporal.com/main/triatletasenred.sport.es\/wp-json\/wp\/v2\/categories?post=81193"},{"taxonomy":"post_tag","embeddable":true,"href":"https:\/\/miurltemporal.com/main/triatletasenred.sport.es\/wp-json\/wp\/v2\/tags?post=81193"}],"curies":[{"name":"wp","href":"https:\/\/api.w.org\/{rel}","templated":true}]}}