{"id":81191,"date":"2023-01-09T16:21:00","date_gmt":"2023-01-09T15:21:00","guid":{"rendered":"https:\/\/miurltemporal.com/main/triatletasenred.sport.es\/?p=81191"},"modified":"2023-01-09T16:21:00","modified_gmt":"2023-01-09T15:21:00","slug":"inscripcionbilbaotriathlon2023","status":"publish","type":"post","link":"https:\/\/miurltemporal.com/main/triatletasenred.sport.es\/actualidad\/inscripcionbilbaotriathlon2023\/","title":{"rendered":"Bilbao Triathlon abre inscripciones a su edici\u00f3n 2023"},"content":{"rendered":"<h3><strong>La prueba, designada como sede de la Copa de Espa\u00f1a de Triatl\u00f3n de Media y Larga distancia abre inscripciones para su cita del pr\u00f3ximo 30 de septiembre.<\/strong><\/h3>\n<p><a href=\"https:\/\/miurltemporal.com/main/triatletasenred.sport.es\/wp-content\/uploads\/banner-geles.gif\"><img fetchpriority=\"high\" decoding=\"async\" class=\"alignnone size-full wp-image-80108\" src=\"https:\/\/miurltemporal.com/main/triatletasenred.sport.es\/wp-content\/uploads\/banner-geles.gif\" alt=\"\" width=\"750\" height=\"100\" \/><\/a><\/p>\n<p>El 30 de septiembre de 2023 es la fecha elegida por la organizaci\u00f3n del Bilbao Triathlon para una nueva edici\u00f3n del popular triatl\u00f3n de media distancia que vuelve al calendario nacional con m\u00e1s fuerza que nunca tras albergar con un \u00e9xito rotundo en 2022 todo un Campeonato de Europa.<\/p>\n<p>Bilbao Triathlon abre hoy inscripciones a esta nueva edici\u00f3n con la intenci\u00f3n de ofrecer una nueva experiencia de triatl\u00f3n en una ciudad volcada hist\u00f3ricamente con el deporte en un entorno ideal para la pr\u00e1ctica del triatl\u00f3n.<\/p>\n<p>Los participantes deber\u00e1n completar 1900 metros por la popular r\u00eda bilba\u00edna en un circuito de ida y vuelta bajo los \u00e1nimos de los aficionados y familiares que podr\u00e1n seguir el sector en todo momento. Tras la nataci\u00f3n ser\u00e1 el momento de disfrutar de un exigente y espectacular circuito ciclista de 82,5 kms por la provincia bilba\u00edna y recorrer sus verdes paisajes antes de regresar a la capital donde recorrer\u00e1n a zancadas la media marat\u00f3n final. Un circuito r\u00e1pido a tres vueltas en compa\u00f1\u00eda de los aficionados y familiares animando en todo momento y con la famosa ara\u00f1a del Guggenheim como espectadora de lujo.<\/p>\n<p>Como novedad destaca la designaci\u00f3n del Bilbao Triathlon como sede del prestigioso circuito nacional de la Copa de Espa\u00f1a de Triatl\u00f3n de Media y Larga Distancia que re\u00fane en una misma competici\u00f3n a las mejores sedes repartidas por el territorio nacional y que el 30 de septiembre tendr\u00e1 su parada en el norte para recibir a los mejores equipos y a los y las triatletas que aspiren a la tradicional txapela que identifica a los vencedores en Bilbao.<\/p>\n<p><span class=\"td_btn td_btn_lg td_outlined_btn\"><a href=\"https:\/\/competiciones.triatlon.org\/es\/evento\/2023-bilbao-copa-espaa-media-distancia-\/inscripcion\/selecciona-tarifa\" rel=\"nofollow noopener\" target=\"_blank\">MAS INFO E INSCRIPCIONES<\/a><\/span><\/p>\n<div class=\"youtube-embed\" data-video_id=\"z86HYOQ9t3I\"><iframe title=\"TRIATL\u00d3N REWIND \u23ea Lo mejor de 2022 con FINAL FELIZ \ud83d\ude0e\" width=\"696\" height=\"392\" src=\"https:\/\/www.youtube.com\/embed\/z86HYOQ9t3I?feature=oembed&#038;enablejsapi=1\" frameborder=\"0\" allow=\"accelerometer; autoplay; clipboard-write; encrypted-media; gyroscope; picture-in-picture; web-share\" referrerpolicy=\"strict-origin-when-cross-origin\" allowfullscreen><\/iframe><\/div>\n","protected":false},"excerpt":{"rendered":"<p>La prueba, designada como sede de la Copa de Espa\u00f1a de Triatl\u00f3n de Media distancia abre inscripciones para su cita del 30 de septiembre.<\/p>\n","protected":false},"author":322,"featured_media":81027,"comment_status":"closed","ping_status":"closed","sticky":false,"template":"","format":"standard","meta":{"_acf_changed":false,"rank_math_lock_modified_date":false,"footnotes":""},"categories":[17,19,1191],"tags":[9576],"class_list":{"0":"post-81191","1":"post","2":"type-post","3":"status-publish","4":"format-standard","5":"has-post-thumbnail","7":"category-actualidad","8":"category-competiciones","9":"category-triatlon","10":"tag-bilbaotriathlon"},"acf":[],"_links":{"self":[{"href":"https:\/\/miurltemporal.com/main/triatletasenred.sport.es\/wp-json\/wp\/v2\/posts\/81191"}],"collection":[{"href":"https:\/\/miurltemporal.com/main/triatletasenred.sport.es\/wp-json\/wp\/v2\/posts"}],"about":[{"href":"https:\/\/miurltemporal.com/main/triatletasenred.sport.es\/wp-json\/wp\/v2\/types\/post"}],"author":[{"embeddable":true,"href":"https:\/\/miurltemporal.com/main/triatletasenred.sport.es\/wp-json\/wp\/v2\/users\/322"}],"replies":[{"embeddable":true,"href":"https:\/\/miurltemporal.com/main/triatletasenred.sport.es\/wp-json\/wp\/v2\/comments?post=81191"}],"version-history":[{"count":1,"href":"https:\/\/miurltemporal.com/main/triatletasenred.sport.es\/wp-json\/wp\/v2\/posts\/81191\/revisions"}],"predecessor-version":[{"id":81192,"href":"https:\/\/miurltemporal.com/main/triatletasenred.sport.es\/wp-json\/wp\/v2\/posts\/81191\/revisions\/81192"}],"wp:featuredmedia":[{"embeddable":true,"href":"https:\/\/miurltemporal.com/main/triatletasenred.sport.es\/wp-json\/wp\/v2\/media\/81027"}],"wp:attachment":[{"href":"https:\/\/miurltemporal.com/main/triatletasenred.sport.es\/wp-json\/wp\/v2\/media?parent=81191"}],"wp:term":[{"taxonomy":"category","embeddable":true,"href":"https:\/\/miurltemporal.com/main/triatletasenred.sport.es\/wp-json\/wp\/v2\/categories?post=81191"},{"taxonomy":"post_tag","embeddable":true,"href":"https:\/\/miurltemporal.com/main/triatletasenred.sport.es\/wp-json\/wp\/v2\/tags?post=81191"}],"curies":[{"name":"wp","href":"https:\/\/api.w.org\/{rel}","templated":true}]}}