{"id":81173,"date":"2023-01-09T07:00:33","date_gmt":"2023-01-09T06:00:33","guid":{"rendered":"https:\/\/miurltemporal.com/main/triatletasenred.sport.es\/?p=81173"},"modified":"2023-01-09T12:19:08","modified_gmt":"2023-01-09T11:19:08","slug":"inverse-ficha-a-sara-perez-y-antonio-benito","status":"publish","type":"post","link":"https:\/\/miurltemporal.com/main/triatletasenred.sport.es\/actualidad\/inverse-ficha-a-sara-perez-y-antonio-benito\/","title":{"rendered":"INVERSE ficha a Sara P\u00e9rez y Antonio Benito"},"content":{"rendered":"<h3>La marca suma a su equipo a dos de los mejores espa\u00f1oles en media distancia a nivel internacional, con Benito debutando en grande<\/h3>\n<p><\/a><\/p>\n<h3>Benito gana el d\u00eda del estreno<\/h3>\n<p>El de Tomelloso no pod\u00eda estrenar &#8216;piel&#8217; de mejor manera. Victoria imperial en el 70.3 de Puc\u00f3n, en el que ha sido su debut de la temporada 2023.<\/p>\n<p>Con una plata en Pamplona, en el que era su estreno en el formato sin drafting. Sin tiempo que perder, Benito se llevaba su primera txapela en Zarautz, y remataba el verano con otra segunda plaza en el 70.3 de Swansea. La guinda la puso en Bilbao, d\u00f3nde se coron\u00f3 como Campe\u00f3n de Europa de la distancia. La \u00faltima bala la dispar\u00f3 en Bahrein, d\u00f3nde se qued\u00f3 a escasos segundos del podio en una carrera de mucho nivel.<\/p>\n<p>Su perfil en la PTO, <a href=\"https:\/\/stats.protriathletes.org\/athlete\/antonio-benito-lopez\" rel=\"nofollow noopener\" target=\"_blank\">aqu\u00ed<\/a>.<\/p>\n<h3>Sara, a por el top 10 mundial<\/h3>\n<div dir=\"auto\">\n<div dir=\"auto\">Sara P\u00e9rez tambi\u00e9n se une al equipo despu\u00e9s de un 2022 d\u00f3nde ha vuelto a dar un paso adelante. Si estas temporadas anteriores hab\u00edan servido para ir escalando puestos en meta, y hacer frente a las rivales, Sara termin\u00f3 el a\u00f1o sabiendo que pod\u00eda con todas.<\/div>\n<div dir=\"auto\"><\/div>\n<div dir=\"auto\">Un primer gran triunfo internacional en The Championship, que llegaba precedido de otro enorme resultado, ya que la triatleta de Barcelona levantaba la cinta de una prueba Challenge en Mog\u00e1n. Dos grandes resultados que le permitieron catapultarse en el ranking PTO y por lo tanto, ganarse una plaza para estar en dos eventos del mill\u00f3n de d\u00f3lares: El Canadian Open y el US Open. Valiosas lecciones para este a\u00f1o, que se saldaron el Miami, d\u00f3nde cerrar\u00eda el 2022 con una segunda plaza, despu\u00e9s de otra carrera al m\u00e1s puro estilo Sara. Al ataque.<\/div>\n<\/div>\n<div dir=\"auto\">\n<div dir=\"auto\"><\/div>\n<\/div>\n<div dir=\"auto\">Su perfil en la PTO, <a href=\"https:\/\/stats.protriathletes.org\/athlete\/sara-perez-sala\" rel=\"nofollow noopener\" target=\"_blank\">aqu\u00ed<\/a>.<\/div>\n<h3 dir=\"auto\">INVERSE = triatl\u00f3n<\/h3>\n<div dir=\"auto\">\n<div dir=\"auto\">De esta manera, INVERSE sigue posicion\u00e1ndose como una de las marcas que m\u00e1s soporte brinda al trideporte a nivel mundial, comprometido con la \u00e9lite para traer lo mejor a los que disfrutan haciendo triatl\u00f3n como hobby.<\/div>\n<\/div>\n","protected":false},"excerpt":{"rendered":"<p>La marca suma a su equipo de cracks a los triatletas de media distancia m\u00e1s en forma del momento\u00a0<\/p>\n","protected":false},"author":309,"featured_media":81186,"comment_status":"closed","ping_status":"closed","sticky":false,"template":"","format":"standard","meta":{"_acf_changed":false,"rank_math_lock_modified_date":false,"footnotes":""},"categories":[17],"tags":[3812,2056,4882],"class_list":{"0":"post-81173","1":"post","2":"type-post","3":"status-publish","4":"format-standard","5":"has-post-thumbnail","7":"category-actualidad","8":"tag-antonio-benito","9":"tag-inverse","10":"tag-sara-perez"},"acf":[],"_links":{"self":[{"href":"https:\/\/miurltemporal.com/main/triatletasenred.sport.es\/wp-json\/wp\/v2\/posts\/81173"}],"collection":[{"href":"https:\/\/miurltemporal.com/main/triatletasenred.sport.es\/wp-json\/wp\/v2\/posts"}],"about":[{"href":"https:\/\/miurltemporal.com/main/triatletasenred.sport.es\/wp-json\/wp\/v2\/types\/post"}],"author":[{"embeddable":true,"href":"https:\/\/miurltemporal.com/main/triatletasenred.sport.es\/wp-json\/wp\/v2\/users\/309"}],"replies":[{"embeddable":true,"href":"https:\/\/miurltemporal.com/main/triatletasenred.sport.es\/wp-json\/wp\/v2\/comments?post=81173"}],"version-history":[{"count":1,"href":"https:\/\/miurltemporal.com/main/triatletasenred.sport.es\/wp-json\/wp\/v2\/posts\/81173\/revisions"}],"predecessor-version":[{"id":81184,"href":"https:\/\/miurltemporal.com/main/triatletasenred.sport.es\/wp-json\/wp\/v2\/posts\/81173\/revisions\/81184"}],"wp:featuredmedia":[{"embeddable":true,"href":"https:\/\/miurltemporal.com/main/triatletasenred.sport.es\/wp-json\/wp\/v2\/media\/81186"}],"wp:attachment":[{"href":"https:\/\/miurltemporal.com/main/triatletasenred.sport.es\/wp-json\/wp\/v2\/media?parent=81173"}],"wp:term":[{"taxonomy":"category","embeddable":true,"href":"https:\/\/miurltemporal.com/main/triatletasenred.sport.es\/wp-json\/wp\/v2\/categories?post=81173"},{"taxonomy":"post_tag","embeddable":true,"href":"https:\/\/miurltemporal.com/main/triatletasenred.sport.es\/wp-json\/wp\/v2\/tags?post=81173"}],"curies":[{"name":"wp","href":"https:\/\/api.w.org\/{rel}","templated":true}]}}