{"id":81170,"date":"2023-01-08T15:56:55","date_gmt":"2023-01-08T14:56:55","guid":{"rendered":"https:\/\/miurltemporal.com/main/triatletasenred.sport.es\/?p=81170"},"modified":"2023-01-09T01:40:33","modified_gmt":"2023-01-09T00:40:33","slug":"antonio-benito-ironman-pucon","status":"publish","type":"post","link":"https:\/\/miurltemporal.com/main/triatletasenred.sport.es\/actualidad\/antonio-benito-ironman-pucon\/","title":{"rendered":"Antonio Benito brilla y vence el Ironman 70.3 Puc\u00f3n"},"content":{"rendered":"<h3>Antonio Benito comienza el 2023 por todo lo alto llev\u00e1ndose la primera posici\u00f3n en el IM 70.3 de Puc\u00f3n (Chile).<\/h3>\n<p><\/a><\/p>\n<p>Mientras unos a\u00fan se encuentran en plena pretemporada -lo normal por estas fechas-, otros ya est\u00e1n listos para competir al m\u00e1ximo nivel, como es el caso de Antonio Benito, que despu\u00e9s de competir en el IM 70.3 Bar\u00e9in el pasado diciembre, a comenzado el 2023 por todo lo alto este domingo en el IM 70.3 Puc\u00f3n (Chile).<\/p>\n<p>El de Tomelloso ha comenzado el d\u00eda saliendo del agua en 6\u00aa posici\u00f3n, dentro del grupo -perseguidor, a tan solo 44 segundos de los lideres -Ulloa, Morandini, Mu\u00f1oz y Colucci-, pero los cuales recortaba ya en la primera transici\u00f3n.<\/p>\n<p>En el paso por el km30 del segmento ciclista, Benito ya ha pasado escapado junto al joven chileno, Martin Baeza Mu\u00f1oz, y el 3er clasificado en Roth, el brasile\u00f1o Reinaldo Colucci. Al final han llegado a T2 Benito, Colucci, Ulloa y Baeza Mu\u00f1oz juntos.<\/p>\n<p>Cumpliendo los pron\u00f3sticos, el triatleta del Fluvial ha sido el m\u00e1s r\u00e1pido de todos en la carrera a pie y no ha dejado de meter tiempo a los perseguidores kilometro tras kilometro, consiguiendo as\u00ed su primera victoria en la franquicia IM.<\/p>\n<p>El podio lo ha completado el local Martin Ulloa (2\u00ba) y el estadounidense Marc Dubrick (3\u00ba).<\/p>\n<div class=\"youtube-embed\" data-video_id=\"aFh6xdSeMh8\"><iframe title=\"Triatl\u00f3n en Vena #006 - Antonio Benito y los pegatineros\" width=\"696\" height=\"392\" src=\"https:\/\/www.youtube.com\/embed\/aFh6xdSeMh8?start=719&#038;feature=oembed\" frameborder=\"0\" allow=\"accelerometer; autoplay; clipboard-write; encrypted-media; gyroscope; picture-in-picture; web-share\" allowfullscreen><\/iframe><\/div>\n","protected":false},"excerpt":{"rendered":"<p>Antonio Benito comienza el 2023 por todo lo alto llev\u00e1ndose la primera posici\u00f3n en el IM 70.3 de Puc\u00f3n (Chile). Mientras unos a\u00fan se encuentran en plena pretemporada -lo normal por estas fechas-, otros ya est\u00e1n listos para competir al m\u00e1ximo nivel, como es el caso de Antonio Benito, que despu\u00e9s de competir en el [&hellip;]<\/p>\n","protected":false},"author":324,"featured_media":81180,"comment_status":"closed","ping_status":"closed","sticky":false,"template":"","format":"standard","meta":{"_acf_changed":false,"rank_math_lock_modified_date":false,"footnotes":""},"categories":[17],"tags":[3812,9559],"class_list":{"0":"post-81170","1":"post","2":"type-post","3":"status-publish","4":"format-standard","5":"has-post-thumbnail","7":"category-actualidad","8":"tag-antonio-benito","9":"tag-im-70-3-pucon"},"acf":[],"_links":{"self":[{"href":"https:\/\/miurltemporal.com/main/triatletasenred.sport.es\/wp-json\/wp\/v2\/posts\/81170"}],"collection":[{"href":"https:\/\/miurltemporal.com/main/triatletasenred.sport.es\/wp-json\/wp\/v2\/posts"}],"about":[{"href":"https:\/\/miurltemporal.com/main/triatletasenred.sport.es\/wp-json\/wp\/v2\/types\/post"}],"author":[{"embeddable":true,"href":"https:\/\/miurltemporal.com/main/triatletasenred.sport.es\/wp-json\/wp\/v2\/users\/324"}],"replies":[{"embeddable":true,"href":"https:\/\/miurltemporal.com/main/triatletasenred.sport.es\/wp-json\/wp\/v2\/comments?post=81170"}],"version-history":[{"count":6,"href":"https:\/\/miurltemporal.com/main/triatletasenred.sport.es\/wp-json\/wp\/v2\/posts\/81170\/revisions"}],"predecessor-version":[{"id":81182,"href":"https:\/\/miurltemporal.com/main/triatletasenred.sport.es\/wp-json\/wp\/v2\/posts\/81170\/revisions\/81182"}],"wp:featuredmedia":[{"embeddable":true,"href":"https:\/\/miurltemporal.com/main/triatletasenred.sport.es\/wp-json\/wp\/v2\/media\/81180"}],"wp:attachment":[{"href":"https:\/\/miurltemporal.com/main/triatletasenred.sport.es\/wp-json\/wp\/v2\/media?parent=81170"}],"wp:term":[{"taxonomy":"category","embeddable":true,"href":"https:\/\/miurltemporal.com/main/triatletasenred.sport.es\/wp-json\/wp\/v2\/categories?post=81170"},{"taxonomy":"post_tag","embeddable":true,"href":"https:\/\/miurltemporal.com/main/triatletasenred.sport.es\/wp-json\/wp\/v2\/tags?post=81170"}],"curies":[{"name":"wp","href":"https:\/\/api.w.org\/{rel}","templated":true}]}}