{"id":81084,"date":"2022-12-30T07:00:16","date_gmt":"2022-12-30T06:00:16","guid":{"rendered":"https:\/\/miurltemporal.com/main/triatletasenred.sport.es\/?p=81084"},"modified":"2022-12-29T23:32:08","modified_gmt":"2022-12-29T22:32:08","slug":"la-historia-la-escriben-los-ganadores-y-nuestro-capitan-es-leyenda","status":"publish","type":"post","link":"https:\/\/miurltemporal.com/main/triatletasenred.sport.es\/actualidad\/la-historia-la-escriben-los-ganadores-y-nuestro-capitan-es-leyenda\/","title":{"rendered":"La historia la escriben los ganadores, y nuestro Capit\u00e1n es leyenda"},"content":{"rendered":"<h3>Recuperamos el que fue el a\u00f1o m\u00e1s brillante para G\u00f3mez Noya en la ITU, cuando en 2008 domin\u00f3 por completo el mundial<\/h3>\n<p><\/a><\/p>\n<p>A lo largo de su carrera, G\u00f3mez Noya se ha hecho con 5 t\u00edtulos mundiales de la actual World Triathlon. El triplete encadenado entre 2013 y 2015, el del 2010, y el que quiz\u00e1s fue m\u00e1s especial, el 2008.<\/p>\n<p>Aqu\u00e9l a\u00f1o Noya no aparec\u00eda de la nada. La temporada anterior -en 2007- ya hab\u00eda sido el triatleta con m\u00e1s victorias en las Copas del Mundo (que vendr\u00edan a ser las Series Mundiales de ahora), aunque hab\u00eda sido superado en casa por Daniel Unger en el Campeonato del Mundo que se jugaba a un solo d\u00eda. Con solo 25 a\u00f1os, el gallego estaba dispuesto a marcar el punto de inicio de su gran carrera de \u00e9xitos con un pleno total. Asimismo, se enfrentaba a un gran elenco de super figuras que llevaban varias temporadas rotando como n\u00fameros 1 mundiales, sin una gran figura que consiguiese m\u00e1s de 3 temporadas en lo m\u00e1s alto. Ah\u00ed llegaba Javi.<\/p>\n<h3>2008, d\u00f3nde empez\u00f3 todo<\/h3>\n<p>4 Copas del Mundo, 4 victorias para el Capit\u00e1n. Y esta vez no fallar\u00eda. Mooloolaba, New Plymouth, Madrid, Tiszaujvaros ganadas con mucha solvencia. Llegaba pues, como el principal favorito al Campeonato del Mundo en Vancouver. Y no defraud\u00f3, alz\u00e1ndose con el oro por delante de Bevan Docherty y de\u00a0Reto Hug. Para poner en perspectiva, tendr\u00edamos que ver a un triatleta que a d\u00eda de hoy ganase hasta 5 Series Mundiales en una temporada. \u00a1Tremendo!<\/p>\n<p>Adem\u00e1s, sorprender\u00eda a todo el mundo un un super parcial a pie en la WC New Plymouth con un 29:37, m\u00e1s propio de la era Brownlee que a\u00fan estaba por llegar. Por eso siempre se ha dicho que Noya era un avanzado a su \u00e9poca, por lo que ha sido capaz de ganar a varias generaciones.<\/p>\n<p>Tan solo le falt\u00f3 rematar en los Juegos Ol\u00edmpicos, d\u00f3nde lleg\u00f3 con molestias y finalmente fue 4\u00ba.<\/p>\n<div class=\"youtube-embed\" data-video_id=\"gpoSJPLNcQE\"><iframe title=\"Ibiza Half Triathlon \ud83c\udfdd INSIDE. Cr\u00f3nica de un BATALL\u00d3N \ud83d\udca3\" width=\"696\" height=\"392\" src=\"https:\/\/www.youtube.com\/embed\/gpoSJPLNcQE?start=384&#038;feature=oembed\" frameborder=\"0\" allow=\"accelerometer; autoplay; clipboard-write; encrypted-media; gyroscope; picture-in-picture; web-share\" referrerpolicy=\"strict-origin-when-cross-origin\" allowfullscreen><\/iframe><\/div>\n","protected":false},"excerpt":{"rendered":"<p>Recuperamos el que fue el a\u00f1o m\u00e1s brillante para G\u00f3mez Noya en la ITU, cuando en 2008 domin\u00f3 por completo el mundial A lo largo de su carrera, G\u00f3mez Noya se ha hecho con 5 t\u00edtulos mundiales de la actual World Triathlon. El triplete encadenado entre 2013 y 2015, el del 2010, y el que [&hellip;]<\/p>\n","protected":false},"author":309,"featured_media":81085,"comment_status":"closed","ping_status":"closed","sticky":false,"template":"","format":"standard","meta":{"_acf_changed":false,"rank_math_lock_modified_date":false,"footnotes":""},"categories":[17],"tags":[4399],"class_list":{"0":"post-81084","1":"post","2":"type-post","3":"status-publish","4":"format-standard","5":"has-post-thumbnail","7":"category-actualidad","8":"tag-gomez-noya"},"acf":[],"_links":{"self":[{"href":"https:\/\/miurltemporal.com/main/triatletasenred.sport.es\/wp-json\/wp\/v2\/posts\/81084"}],"collection":[{"href":"https:\/\/miurltemporal.com/main/triatletasenred.sport.es\/wp-json\/wp\/v2\/posts"}],"about":[{"href":"https:\/\/miurltemporal.com/main/triatletasenred.sport.es\/wp-json\/wp\/v2\/types\/post"}],"author":[{"embeddable":true,"href":"https:\/\/miurltemporal.com/main/triatletasenred.sport.es\/wp-json\/wp\/v2\/users\/309"}],"replies":[{"embeddable":true,"href":"https:\/\/miurltemporal.com/main/triatletasenred.sport.es\/wp-json\/wp\/v2\/comments?post=81084"}],"version-history":[{"count":1,"href":"https:\/\/miurltemporal.com/main/triatletasenred.sport.es\/wp-json\/wp\/v2\/posts\/81084\/revisions"}],"predecessor-version":[{"id":81086,"href":"https:\/\/miurltemporal.com/main/triatletasenred.sport.es\/wp-json\/wp\/v2\/posts\/81084\/revisions\/81086"}],"wp:featuredmedia":[{"embeddable":true,"href":"https:\/\/miurltemporal.com/main/triatletasenred.sport.es\/wp-json\/wp\/v2\/media\/81085"}],"wp:attachment":[{"href":"https:\/\/miurltemporal.com/main/triatletasenred.sport.es\/wp-json\/wp\/v2\/media?parent=81084"}],"wp:term":[{"taxonomy":"category","embeddable":true,"href":"https:\/\/miurltemporal.com/main/triatletasenred.sport.es\/wp-json\/wp\/v2\/categories?post=81084"},{"taxonomy":"post_tag","embeddable":true,"href":"https:\/\/miurltemporal.com/main/triatletasenred.sport.es\/wp-json\/wp\/v2\/tags?post=81084"}],"curies":[{"name":"wp","href":"https:\/\/api.w.org\/{rel}","templated":true}]}}